{"id":2074,"date":"2025-09-11T17:30:04","date_gmt":"2025-09-11T17:30:04","guid":{"rendered":"https:\/\/wartours.in.ua\/?p=2074"},"modified":"2025-09-11T17:37:14","modified_gmt":"2025-09-11T17:37:14","slug":"que-significa-la-ley-sobre-la-memoria-nacional-y-el-racismo-como-ucrania-esta-configurando-un-nuevo-estandar-legal","status":"publish","type":"post","link":"https:\/\/wartours.in.ua\/es\/2025\/09\/11\/what-the-law-on-national-memory-and-rashism-means-how-ukraine-is-shaping-a-new-legal-standard\/","title":{"rendered":"Qu\u00e9 significa la Ley de Memoria Nacional y el \u201cRashismo\u201d: C\u00f3mo Ucrania est\u00e1 construyendo un nuevo est\u00e1ndar legal"},"content":{"rendered":"<div data-elementor-type=\"wp-post\" data-elementor-id=\"2074\" class=\"elementor elementor-2074\" data-elementor-settings=\"{&quot;element_pack_global_tooltip_width&quot;:{&quot;unit&quot;:&quot;px&quot;,&quot;size&quot;:&quot;&quot;,&quot;sizes&quot;:[]},&quot;element_pack_global_tooltip_width_tablet&quot;:{&quot;unit&quot;:&quot;px&quot;,&quot;size&quot;:&quot;&quot;,&quot;sizes&quot;:[]},&quot;element_pack_global_tooltip_width_mobile&quot;:{&quot;unit&quot;:&quot;px&quot;,&quot;size&quot;:&quot;&quot;,&quot;sizes&quot;:[]},&quot;element_pack_global_tooltip_padding&quot;:{&quot;unit&quot;:&quot;px&quot;,&quot;top&quot;:&quot;&quot;,&quot;right&quot;:&quot;&quot;,&quot;bottom&quot;:&quot;&quot;,&quot;left&quot;:&quot;&quot;,&quot;isLinked&quot;:true},&quot;element_pack_global_tooltip_padding_tablet&quot;:{&quot;unit&quot;:&quot;px&quot;,&quot;top&quot;:&quot;&quot;,&quot;right&quot;:&quot;&quot;,&quot;bottom&quot;:&quot;&quot;,&quot;left&quot;:&quot;&quot;,&quot;isLinked&quot;:true},&quot;element_pack_global_tooltip_padding_mobile&quot;:{&quot;unit&quot;:&quot;px&quot;,&quot;top&quot;:&quot;&quot;,&quot;right&quot;:&quot;&quot;,&quot;bottom&quot;:&quot;&quot;,&quot;left&quot;:&quot;&quot;,&quot;isLinked&quot;:true},&quot;element_pack_global_tooltip_border_radius&quot;:{&quot;unit&quot;:&quot;px&quot;,&quot;top&quot;:&quot;&quot;,&quot;right&quot;:&quot;&quot;,&quot;bottom&quot;:&quot;&quot;,&quot;left&quot;:&quot;&quot;,&quot;isLinked&quot;:true},&quot;element_pack_global_tooltip_border_radius_tablet&quot;:{&quot;unit&quot;:&quot;px&quot;,&quot;top&quot;:&quot;&quot;,&quot;right&quot;:&quot;&quot;,&quot;bottom&quot;:&quot;&quot;,&quot;left&quot;:&quot;&quot;,&quot;isLinked&quot;:true},&quot;element_pack_global_tooltip_border_radius_mobile&quot;:{&quot;unit&quot;:&quot;px&quot;,&quot;top&quot;:&quot;&quot;,&quot;right&quot;:&quot;&quot;,&quot;bottom&quot;:&quot;&quot;,&quot;left&quot;:&quot;&quot;,&quot;isLinked&quot;:true}}\" data-elementor-post-type=\"post\">\n\t\t\t\t\t\t<section class=\"elementor-section elementor-top-section elementor-element elementor-element-d6fb2a9 elementor-section-boxed elementor-section-height-default elementor-section-height-default\" data-id=\"d6fb2a9\" data-element_type=\"section\" data-e-type=\"section\">\n\t\t\t\t\t\t<div class=\"elementor-container elementor-column-gap-default\">\n\t\t\t\t\t<div class=\"elementor-column elementor-col-100 elementor-top-column elementor-element elementor-element-a4abbfd\" data-id=\"a4abbfd\" data-element_type=\"column\" data-e-type=\"column\">\n\t\t\t<div class=\"elementor-widget-wrap elementor-element-populated\">\n\t\t\t\t\t\t<div class=\"elementor-element elementor-element-629246b elementor-widget elementor-widget-text-editor\" data-id=\"629246b\" data-element_type=\"widget\" data-e-type=\"widget\" data-widget_type=\"text-editor.default\">\n\t\t\t\t<div class=\"elementor-widget-container\">\n\t\t\t\t\t\t\t\t\t<p data-start=\"143\" data-end=\"555\">Ucrania ha dado un paso que podr\u00eda transformar no solo su propia pol\u00edtica hist\u00f3rica, sino tambi\u00e9n la agenda internacional. En agosto, la Verjovna Rada aprob\u00f3 la ley. <em data-start=\"303\" data-end=\"390\">&quot;Sobre los fundamentos de la pol\u00edtica estatal de memoria nacional del pueblo ucraniano&quot;.<\/em> El documento garantiza el derecho de Ucrania a definir c\u00f3mo preserva la memoria del pasado e introduce un t\u00e9rmino que se ha convertido en un s\u00edmbolo de nuestra lucha: <strong data-start=\"539\" data-end=\"553\">&quot;racismo.&quot;<\/strong><\/p><p data-start=\"557\" data-end=\"886\">Esta palabra, nacida en las realidades de la guerra, ahora ha recibido una definici\u00f3n jur\u00eddica: <strong data-start=\"635\" data-end=\"754\">una ideolog\u00eda totalitaria que combina el chovinismo ruso, el imperialismo y las pr\u00e1cticas de los reg\u00edmenes comunista y nazi.<\/strong> Por primera vez a nivel estatal, Ucrania ha definido la idea central del agresor como lo que es: una amenaza para el mundo entero.<\/p><hr data-start=\"888\" data-end=\"891\" \/><h2 data-start=\"893\" data-end=\"912\">Por qu\u00e9 es importante<\/h2><p data-start=\"913\" data-end=\"1219\">Para los ucranianos, esta ley no se limita al pasado. Se refiere al presente y al futuro. Consagra los principios de protecci\u00f3n del patrimonio cultural, conmemoraci\u00f3n de lugares de memoria y lucha contra la propaganda antiucraniana. En otras palabras, la cuesti\u00f3n de la memoria es ahora un asunto de... <strong data-start=\"1195\" data-end=\"1217\">seguridad nacional.<\/strong><\/p><p data-start=\"1221\" data-end=\"1484\">Reconocer el racismo como una ideolog\u00eda totalitaria abre la puerta a debates internacionales m\u00e1s amplios. As\u00ed como el nazismo fue condenado tras la Segunda Guerra Mundial y el comunismo en Europa del Este, hoy Ucrania sienta las bases para una lucha global contra una nueva amenaza.<\/p><hr data-start=\"1486\" data-end=\"1489\" \/><h2 data-start=\"1491\" data-end=\"1523\">La dimensi\u00f3n internacional<\/h2><p data-start=\"1524\" data-end=\"1680\">Abogados e historiadores consideran esta ley como la base para futuras decisiones internacionales. En teor\u00eda, la definici\u00f3n de \u00abracismo\u00bb podr\u00eda convertirse en la base para:<\/p><ul data-start=\"1682\" data-end=\"1942\"><li data-start=\"1682\" data-end=\"1753\"><p data-start=\"1684\" data-end=\"1753\"><strong data-start=\"1684\" data-end=\"1725\">Resoluciones del Parlamento Europeo o de la ONU<\/strong> condenando esta ideolog\u00eda;<\/p><\/li><li data-start=\"1754\" data-end=\"1826\"><p data-start=\"1756\" data-end=\"1826\"><strong data-start=\"1756\" data-end=\"1791\">una prohibici\u00f3n global de su propaganda,<\/strong> As\u00ed como est\u00e1n prohibidos los s\u00edmbolos nazis;<\/p><\/li><li data-start=\"1827\" data-end=\"1942\"><p data-start=\"1829\" data-end=\"1942\"><strong data-start=\"1829\" data-end=\"1859\">casos judiciales internacionales,<\/strong> donde el racismo es reconocido como la ideolog\u00eda que condujo a cr\u00edmenes de guerra y genocidio.<\/p><\/li><\/ul><p data-start=\"1944\" data-end=\"2195\">Pero el camino no es f\u00e1cil. Muchos pa\u00edses a\u00fan no est\u00e1n preparados para consagrar el t\u00e9rmino en sus ordenamientos jur\u00eddicos. Algunos gobiernos evitan la confrontaci\u00f3n directa con Rusia, mientras que otros podr\u00edan esperar a que termine la guerra para codificar formalmente la ideolog\u00eda del agresor.<\/p><hr data-start=\"2197\" data-end=\"2200\" \/><h2 data-start=\"2202\" data-end=\"2230\">Barreras y desaf\u00edos<\/h2><ol data-start=\"2231\" data-end=\"2587\"><li data-start=\"2231\" data-end=\"2352\"><p data-start=\"2234\" data-end=\"2352\"><strong data-start=\"2234\" data-end=\"2266\">Pr\u00e1ctica jur\u00eddica internacional<\/strong> \u2014El racismo a\u00fan no tiene una definici\u00f3n universalmente aceptada en el derecho internacional.<\/p><\/li><li data-start=\"2353\" data-end=\"2464\"><p data-start=\"2356\" data-end=\"2464\"><strong data-start=\"2356\" data-end=\"2378\">Presi\u00f3n pol\u00edtica<\/strong> \u2014 Los Estados que dependen de los recursos o asociaciones rusas podr\u00edan bloquear esas iniciativas.<\/p><\/li><li data-start=\"2465\" data-end=\"2587\"><p data-start=\"2468\" data-end=\"2587\"><strong data-start=\"2468\" data-end=\"2493\">La necesidad de evidencia<\/strong> \u2014Las instituciones globales exigir\u00e1n pruebas claras que vinculen la ideolog\u00eda racista con cr\u00edmenes espec\u00edficos.<\/p><\/li><\/ol><p data-start=\"2589\" data-end=\"2663\">A pesar de estos obst\u00e1culos, Ucrania ya ha sentado un precedente importante.<\/p><hr data-start=\"2665\" data-end=\"2668\" \/><h2 data-start=\"2670\" data-end=\"2704\">Impacto en la cultura y el turismo<\/h2><p data-start=\"2705\" data-end=\"2775\">La ley tambi\u00e9n tiene una dimensi\u00f3n pr\u00e1ctica. Otorga al Estado herramientas para:<\/p><ul data-start=\"2777\" data-end=\"3021\"><li data-start=\"2777\" data-end=\"2827\"><p data-start=\"2779\" data-end=\"2827\">crear nuevo <strong data-start=\"2790\" data-end=\"2824\">complejos conmemorativos y museos<\/strong>;<\/p><\/li><li data-start=\"2828\" data-end=\"2887\"><p data-start=\"2830\" data-end=\"2887\">proteger los sitios de memoria de la destrucci\u00f3n o distorsi\u00f3n;<\/p><\/li><li data-start=\"2888\" data-end=\"3021\"><p data-start=\"2890\" data-end=\"3021\">desarrollar <strong data-start=\"2898\" data-end=\"2914\">turismo de guerra,<\/strong> donde los extranjeros no s\u00f3lo pueden presenciar las consecuencias de la guerra sino tambi\u00e9n comprender sus ra\u00edces ideol\u00f3gicas.<\/p><\/li><\/ul><p data-start=\"3023\" data-end=\"3284\">Por ejemplo, los viajes a Kiev o J\u00e1rkov ahora pueden explicar oficialmente los acontecimientos actuales no solo como tragedias locales, sino como manifestaciones de una amenaza global: el racismo. Esto le da al turismo un nuevo significado: se convierte en parte de... <strong data-start=\"3238\" data-end=\"3282\">Lucha mundial por la memoria y la verdad.<\/strong><\/p><hr data-start=\"3286\" data-end=\"3289\" \/><h2 data-start=\"3291\" data-end=\"3339\">Ucrania como l\u00edder de un nuevo est\u00e1ndar jur\u00eddico<\/h2><p data-start=\"3340\" data-end=\"3587\">La ley de memoria nacional es m\u00e1s que un documento interno. Es un intento de forjar un nuevo est\u00e1ndar legal en el que una naci\u00f3n tiene el derecho no solo de preservar su historia, sino tambi\u00e9n de advertir al mundo sobre los peligros del totalitarismo moderno.<\/p><p data-start=\"3589\" data-end=\"3900\">Si el mundo llega a reconocer el racismo de la misma manera que conden\u00f3 el nazismo y el comunismo, Ucrania ser\u00e1 el primer pa\u00eds en abrir los ojos al mundo ante esta amenaza. Y la memoria \u2014cultural, hist\u00f3rica y humana\u2014 se convertir\u00e1 en la clave de la victoria, no solo en esta guerra, sino en la lucha m\u00e1s amplia por el futuro.<\/p>\t\t\t\t\t\t\t\t<\/div>\n\t\t\t\t<\/div>\n\t\t\t\t\t<\/div>\n\t\t<\/div>\n\t\t\t\t\t<\/div>\n\t\t<\/section>\n\t\t\t\t<\/div>","protected":false},"excerpt":{"rendered":"<p>Ukraine has taken a step that could reshape not only its own historical policy but also the international agenda. In August, the [&hellip;]<\/p>\n","protected":false},"author":1,"featured_media":2078,"comment_status":"closed","ping_status":"closed","sticky":false,"template":"","format":"standard","meta":{"footnotes":""},"categories":[1],"tags":[1340,234,1342,716,643,1335,1338,1344,768,1069,1346,1337,109,1331,1339,1343,1333,198,1345,310,1334,528,641,685,1336,1332,1341,649,658,345],"class_list":["post-2074","post","type-post","status-publish","format-standard","has-post-thumbnail","hentry","category-visitukraine","tag-communism","tag-cultural-heritage","tag-european-parliament","tag-genocide","tag-historical-truth","tag-international-law","tag-international-politics","tag-international-security","tag-kharkiv-tourism","tag-kyiv-tourism","tag-law-of-war","tag-memorials","tag-military-tourism","tag-national-memory","tag-nazism","tag-new-law","tag-rashism","tag-russian-aggression","tag-sites-of-memory","tag-support-for-ukraine","tag-totalitarian-ideology","tag-tourist-routes","tag-ukraine-war","tag-ukrainian-identity","tag-ukrainian-institute-of-national-memory","tag-ukrainian-law","tag-un","tag-war-crimes","tag-war-museums","tag-war-tourism"],"yoast_head":"<!-- This site is optimized with the Yoast SEO Premium plugin v27.4 (Yoast SEO v27.5) - https:\/\/yoast.com\/product\/yoast-seo-premium-wordpress\/ -->\n<title>What the Law on National Memory and \u201cRashism\u201d Means: How Ukraine Is Shaping a New Legal Standard - WarTours Ukraine<\/title>\n<meta name=\"description\" content=\"Ukraine has taken a step that could reshape not only its own historical policy but also the international agenda. In August, the Verkhovna Rada adopted the law \u201cOn the Fundamentals of the State Policy of National Memory of the Ukrainian People.\u201d\" \/>\n<meta name=\"robots\" content=\"index, follow, max-snippet:-1, max-image-preview:large, max-video-preview:-1\" \/>\n<link rel=\"canonical\" href=\"https:\/\/wartours.in.ua\/es\/2025\/09\/11\/que-significa-la-ley-sobre-la-memoria-nacional-y-el-racismo-como-ucrania-esta-configurando-un-nuevo-estandar-legal\/\" \/>\n<meta property=\"og:locale\" content=\"es_ES\" \/>\n<meta property=\"og:type\" content=\"article\" \/>\n<meta property=\"og:title\" content=\"What the Law on National Memory and \u201cRashism\u201d Means: How Ukraine Is Shaping a New Legal Standard\" \/>\n<meta property=\"og:description\" content=\"Ukraine has taken a step that could reshape not only its own historical policy but also the international agenda. In August, the Verkhovna Rada adopted the law \u201cOn the Fundamentals of the State Policy of National Memory of the Ukrainian People.\u201d\" \/>\n<meta property=\"og:url\" content=\"https:\/\/wartours.in.ua\/es\/2025\/09\/11\/que-significa-la-ley-sobre-la-memoria-nacional-y-el-racismo-como-ucrania-esta-configurando-un-nuevo-estandar-legal\/\" \/>\n<meta property=\"og:site_name\" content=\"WarTours Ukraine\" \/>\n<meta property=\"article:published_time\" content=\"2025-09-11T17:30:04+00:00\" \/>\n<meta property=\"article:modified_time\" content=\"2025-09-11T17:37:14+00:00\" \/>\n<meta property=\"og:image\" content=\"https:\/\/wartours.in.ua\/wp-content\/uploads\/2025\/09\/Russia_FascismRuscism.jpg\" \/>\n\t<meta property=\"og:image:width\" content=\"1280\" \/>\n\t<meta property=\"og:image:height\" content=\"853\" \/>\n\t<meta property=\"og:image:type\" content=\"image\/jpeg\" \/>\n<meta name=\"author\" content=\"uawarTours\" \/>\n<meta name=\"twitter:card\" content=\"summary_large_image\" \/>\n<meta name=\"twitter:label1\" content=\"Escrito por\" \/>\n\t<meta name=\"twitter:data1\" content=\"uawarTours\" \/>\n\t<meta name=\"twitter:label2\" content=\"Tiempo de lectura\" \/>\n\t<meta name=\"twitter:data2\" content=\"4 minutos\" \/>\n<script type=\"application\/ld+json\" class=\"yoast-schema-graph\">{\"@context\":\"https:\\\/\\\/schema.org\",\"@graph\":[{\"@type\":\"Article\",\"@id\":\"https:\\\/\\\/wartours.in.ua\\\/es\\\/2025\\\/09\\\/11\\\/what-the-law-on-national-memory-and-rashism-means-how-ukraine-is-shaping-a-new-legal-standard\\\/#article\",\"isPartOf\":{\"@id\":\"https:\\\/\\\/wartours.in.ua\\\/es\\\/2025\\\/09\\\/11\\\/what-the-law-on-national-memory-and-rashism-means-how-ukraine-is-shaping-a-new-legal-standard\\\/\"},\"author\":{\"name\":\"uawarTours\",\"@id\":\"https:\\\/\\\/wartours.in.ua\\\/es\\\/#\\\/schema\\\/person\\\/2f330aa72b72a56601fcc0d5d28fdbc1\"},\"headline\":\"What the Law on National Memory and \u201cRashism\u201d Means: How Ukraine Is Shaping a New Legal Standard\",\"datePublished\":\"2025-09-11T17:30:04+00:00\",\"dateModified\":\"2025-09-11T17:37:14+00:00\",\"mainEntityOfPage\":{\"@id\":\"https:\\\/\\\/wartours.in.ua\\\/es\\\/2025\\\/09\\\/11\\\/what-the-law-on-national-memory-and-rashism-means-how-ukraine-is-shaping-a-new-legal-standard\\\/\"},\"wordCount\":600,\"publisher\":{\"@id\":\"https:\\\/\\\/wartours.in.ua\\\/es\\\/#organization\"},\"image\":{\"@id\":\"https:\\\/\\\/wartours.in.ua\\\/es\\\/2025\\\/09\\\/11\\\/what-the-law-on-national-memory-and-rashism-means-how-ukraine-is-shaping-a-new-legal-standard\\\/#primaryimage\"},\"thumbnailUrl\":\"https:\\\/\\\/wartours.in.ua\\\/wp-content\\\/uploads\\\/2025\\\/09\\\/Russia_FascismRuscism.jpg\",\"keywords\":[\"communism\",\"cultural heritage\",\"European Parliament\",\"genocide\",\"historical truth\",\"international law\",\"international politics\",\"international security\",\"kharkiv tourism\",\"Kyiv tourism\",\"law of war\",\"memorials\",\"military tourism\",\"national memory\",\"Nazism\",\"new law\",\"rashism\",\"Russian aggression\",\"sites of memory\",\"Support for Ukraine\",\"totalitarian ideology\",\"tourist routes\",\"Ukraine war\",\"Ukrainian identity\",\"Ukrainian Institute of National Memory\",\"Ukrainian law\",\"UN\",\"war crimes\",\"war museums\",\"war tourism\"],\"articleSection\":[\"Visit Ukraine\"],\"inLanguage\":\"es\"},{\"@type\":\"WebPage\",\"@id\":\"https:\\\/\\\/wartours.in.ua\\\/es\\\/2025\\\/09\\\/11\\\/what-the-law-on-national-memory-and-rashism-means-how-ukraine-is-shaping-a-new-legal-standard\\\/\",\"url\":\"https:\\\/\\\/wartours.in.ua\\\/es\\\/2025\\\/09\\\/11\\\/what-the-law-on-national-memory-and-rashism-means-how-ukraine-is-shaping-a-new-legal-standard\\\/\",\"name\":\"What the Law on National Memory and \u201cRashism\u201d Means: How Ukraine Is Shaping a New Legal Standard - WarTours Ukraine\",\"isPartOf\":{\"@id\":\"https:\\\/\\\/wartours.in.ua\\\/es\\\/#website\"},\"primaryImageOfPage\":{\"@id\":\"https:\\\/\\\/wartours.in.ua\\\/es\\\/2025\\\/09\\\/11\\\/what-the-law-on-national-memory-and-rashism-means-how-ukraine-is-shaping-a-new-legal-standard\\\/#primaryimage\"},\"image\":{\"@id\":\"https:\\\/\\\/wartours.in.ua\\\/es\\\/2025\\\/09\\\/11\\\/what-the-law-on-national-memory-and-rashism-means-how-ukraine-is-shaping-a-new-legal-standard\\\/#primaryimage\"},\"thumbnailUrl\":\"https:\\\/\\\/wartours.in.ua\\\/wp-content\\\/uploads\\\/2025\\\/09\\\/Russia_FascismRuscism.jpg\",\"datePublished\":\"2025-09-11T17:30:04+00:00\",\"dateModified\":\"2025-09-11T17:37:14+00:00\",\"description\":\"Ukraine has taken a step that could reshape not only its own historical policy but also the international agenda. In August, the Verkhovna Rada adopted the law \u201cOn the Fundamentals of the State Policy of National Memory of the Ukrainian People.\u201d\",\"breadcrumb\":{\"@id\":\"https:\\\/\\\/wartours.in.ua\\\/es\\\/2025\\\/09\\\/11\\\/what-the-law-on-national-memory-and-rashism-means-how-ukraine-is-shaping-a-new-legal-standard\\\/#breadcrumb\"},\"inLanguage\":\"es\",\"potentialAction\":[{\"@type\":\"ReadAction\",\"target\":[\"https:\\\/\\\/wartours.in.ua\\\/es\\\/2025\\\/09\\\/11\\\/what-the-law-on-national-memory-and-rashism-means-how-ukraine-is-shaping-a-new-legal-standard\\\/\"]}]},{\"@type\":\"ImageObject\",\"inLanguage\":\"es\",\"@id\":\"https:\\\/\\\/wartours.in.ua\\\/es\\\/2025\\\/09\\\/11\\\/what-the-law-on-national-memory-and-rashism-means-how-ukraine-is-shaping-a-new-legal-standard\\\/#primaryimage\",\"url\":\"https:\\\/\\\/wartours.in.ua\\\/wp-content\\\/uploads\\\/2025\\\/09\\\/Russia_FascismRuscism.jpg\",\"contentUrl\":\"https:\\\/\\\/wartours.in.ua\\\/wp-content\\\/uploads\\\/2025\\\/09\\\/Russia_FascismRuscism.jpg\",\"width\":1280,\"height\":853},{\"@type\":\"BreadcrumbList\",\"@id\":\"https:\\\/\\\/wartours.in.ua\\\/es\\\/2025\\\/09\\\/11\\\/what-the-law-on-national-memory-and-rashism-means-how-ukraine-is-shaping-a-new-legal-standard\\\/#breadcrumb\",\"itemListElement\":[{\"@type\":\"ListItem\",\"position\":1,\"name\":\"\u0413\u043e\u043b\u043e\u0432\u043d\u0430\",\"item\":\"https:\\\/\\\/wartours.in.ua\\\/\"},{\"@type\":\"ListItem\",\"position\":2,\"name\":\"What the Law on National Memory and \u201cRashism\u201d Means: How Ukraine Is Shaping a New Legal Standard\"}]},{\"@type\":\"WebSite\",\"@id\":\"https:\\\/\\\/wartours.in.ua\\\/es\\\/#website\",\"url\":\"https:\\\/\\\/wartours.in.ua\\\/es\\\/\",\"name\":\"WarTours Ukraine\",\"description\":\"Military tourism. Evidence of russian aggression with your own eyes\",\"publisher\":{\"@id\":\"https:\\\/\\\/wartours.in.ua\\\/es\\\/#organization\"},\"alternateName\":\"Military Tours in Ukraine\",\"potentialAction\":[{\"@type\":\"SearchAction\",\"target\":{\"@type\":\"EntryPoint\",\"urlTemplate\":\"https:\\\/\\\/wartours.in.ua\\\/es\\\/?s={search_term_string}\"},\"query-input\":{\"@type\":\"PropertyValueSpecification\",\"valueRequired\":true,\"valueName\":\"search_term_string\"}}],\"inLanguage\":\"es\"},{\"@type\":\"Organization\",\"@id\":\"https:\\\/\\\/wartours.in.ua\\\/es\\\/#organization\",\"name\":\"WarTours Ukraine\",\"alternateName\":\"MilitaryTours in Ukraine\",\"url\":\"https:\\\/\\\/wartours.in.ua\\\/es\\\/\",\"logo\":{\"@type\":\"ImageObject\",\"inLanguage\":\"es\",\"@id\":\"https:\\\/\\\/wartours.in.ua\\\/es\\\/#\\\/schema\\\/logo\\\/image\\\/\",\"url\":\"https:\\\/\\\/wartours.in.ua\\\/wp-content\\\/uploads\\\/2023\\\/01\\\/logo-04.png\",\"contentUrl\":\"https:\\\/\\\/wartours.in.ua\\\/wp-content\\\/uploads\\\/2023\\\/01\\\/logo-04.png\",\"width\":418,\"height\":129,\"caption\":\"WarTours Ukraine\"},\"image\":{\"@id\":\"https:\\\/\\\/wartours.in.ua\\\/es\\\/#\\\/schema\\\/logo\\\/image\\\/\"},\"sameAs\":[\"https:\\\/\\\/www.instagram.com\\\/wartours_in_ua\\\/\",\"https:\\\/\\\/www.linkedin.com\\\/company\\\/113094334\\\/admin\\\/dashboard\\\/\"]},{\"@type\":\"Person\",\"@id\":\"https:\\\/\\\/wartours.in.ua\\\/es\\\/#\\\/schema\\\/person\\\/2f330aa72b72a56601fcc0d5d28fdbc1\",\"name\":\"uawarTours\",\"image\":{\"@type\":\"ImageObject\",\"inLanguage\":\"es\",\"@id\":\"https:\\\/\\\/secure.gravatar.com\\\/avatar\\\/8d241296dc1b68e540b084de0201701931c22bde5ce47af723f6de7c8e224db5?s=96&d=mm&r=g\",\"url\":\"https:\\\/\\\/secure.gravatar.com\\\/avatar\\\/8d241296dc1b68e540b084de0201701931c22bde5ce47af723f6de7c8e224db5?s=96&d=mm&r=g\",\"contentUrl\":\"https:\\\/\\\/secure.gravatar.com\\\/avatar\\\/8d241296dc1b68e540b084de0201701931c22bde5ce47af723f6de7c8e224db5?s=96&d=mm&r=g\",\"caption\":\"uawarTours\"},\"sameAs\":[\"https:\\\/\\\/wartours.in.ua\"],\"url\":\"https:\\\/\\\/wartours.in.ua\\\/es\\\/author\\\/uawartours\\\/\"}]}<\/script>\n<!-- \/ Yoast SEO Premium plugin. -->","yoast_head_json":{"title":"Qu\u00e9 significa la Ley de Memoria Nacional y el &quot;Rashismo&quot;: C\u00f3mo Ucrania est\u00e1 creando un nuevo est\u00e1ndar legal - WarTours Ucrania","description":"Ucrania ha dado un paso que podr\u00eda transformar no solo su propia pol\u00edtica hist\u00f3rica, sino tambi\u00e9n la agenda internacional. En agosto, la Verjovna Rada aprob\u00f3 la ley &quot;Sobre los Fundamentos de la Pol\u00edtica Estatal de la Memoria Nacional del Pueblo Ucraniano&quot;.","robots":{"index":"index","follow":"follow","max-snippet":"max-snippet:-1","max-image-preview":"max-image-preview:large","max-video-preview":"max-video-preview:-1"},"canonical":"https:\/\/wartours.in.ua\/es\/2025\/09\/11\/que-significa-la-ley-sobre-la-memoria-nacional-y-el-racismo-como-ucrania-esta-configurando-un-nuevo-estandar-legal\/","og_locale":"es_ES","og_type":"article","og_title":"What the Law on National Memory and \u201cRashism\u201d Means: How Ukraine Is Shaping a New Legal Standard","og_description":"Ukraine has taken a step that could reshape not only its own historical policy but also the international agenda. In August, the Verkhovna Rada adopted the law \u201cOn the Fundamentals of the State Policy of National Memory of the Ukrainian People.\u201d","og_url":"https:\/\/wartours.in.ua\/es\/2025\/09\/11\/que-significa-la-ley-sobre-la-memoria-nacional-y-el-racismo-como-ucrania-esta-configurando-un-nuevo-estandar-legal\/","og_site_name":"WarTours Ukraine","article_published_time":"2025-09-11T17:30:04+00:00","article_modified_time":"2025-09-11T17:37:14+00:00","og_image":[{"width":1280,"height":853,"url":"https:\/\/wartours.in.ua\/wp-content\/uploads\/2025\/09\/Russia_FascismRuscism.jpg","type":"image\/jpeg"}],"author":"uawarTours","twitter_card":"summary_large_image","twitter_misc":{"Escrito por":"uawarTours","Tiempo de lectura":"4 minutos"},"schema":{"@context":"https:\/\/schema.org","@graph":[{"@type":"Article","@id":"https:\/\/wartours.in.ua\/es\/2025\/09\/11\/what-the-law-on-national-memory-and-rashism-means-how-ukraine-is-shaping-a-new-legal-standard\/#article","isPartOf":{"@id":"https:\/\/wartours.in.ua\/es\/2025\/09\/11\/what-the-law-on-national-memory-and-rashism-means-how-ukraine-is-shaping-a-new-legal-standard\/"},"author":{"name":"uawarTours","@id":"https:\/\/wartours.in.ua\/es\/#\/schema\/person\/2f330aa72b72a56601fcc0d5d28fdbc1"},"headline":"What the Law on National Memory and \u201cRashism\u201d Means: How Ukraine Is Shaping a New Legal Standard","datePublished":"2025-09-11T17:30:04+00:00","dateModified":"2025-09-11T17:37:14+00:00","mainEntityOfPage":{"@id":"https:\/\/wartours.in.ua\/es\/2025\/09\/11\/what-the-law-on-national-memory-and-rashism-means-how-ukraine-is-shaping-a-new-legal-standard\/"},"wordCount":600,"publisher":{"@id":"https:\/\/wartours.in.ua\/es\/#organization"},"image":{"@id":"https:\/\/wartours.in.ua\/es\/2025\/09\/11\/what-the-law-on-national-memory-and-rashism-means-how-ukraine-is-shaping-a-new-legal-standard\/#primaryimage"},"thumbnailUrl":"https:\/\/wartours.in.ua\/wp-content\/uploads\/2025\/09\/Russia_FascismRuscism.jpg","keywords":["communism","cultural heritage","European Parliament","genocide","historical truth","international law","international politics","international security","kharkiv tourism","Kyiv tourism","law of war","memorials","military tourism","national memory","Nazism","new law","rashism","Russian aggression","sites of memory","Support for Ukraine","totalitarian ideology","tourist routes","Ukraine war","Ukrainian identity","Ukrainian Institute of National Memory","Ukrainian law","UN","war crimes","war museums","war tourism"],"articleSection":["Visit Ukraine"],"inLanguage":"es"},{"@type":"WebPage","@id":"https:\/\/wartours.in.ua\/es\/2025\/09\/11\/what-the-law-on-national-memory-and-rashism-means-how-ukraine-is-shaping-a-new-legal-standard\/","url":"https:\/\/wartours.in.ua\/es\/2025\/09\/11\/what-the-law-on-national-memory-and-rashism-means-how-ukraine-is-shaping-a-new-legal-standard\/","name":"Qu\u00e9 significa la Ley de Memoria Nacional y el &quot;Rashismo&quot;: C\u00f3mo Ucrania est\u00e1 creando un nuevo est\u00e1ndar legal - WarTours Ucrania","isPartOf":{"@id":"https:\/\/wartours.in.ua\/es\/#website"},"primaryImageOfPage":{"@id":"https:\/\/wartours.in.ua\/es\/2025\/09\/11\/what-the-law-on-national-memory-and-rashism-means-how-ukraine-is-shaping-a-new-legal-standard\/#primaryimage"},"image":{"@id":"https:\/\/wartours.in.ua\/es\/2025\/09\/11\/what-the-law-on-national-memory-and-rashism-means-how-ukraine-is-shaping-a-new-legal-standard\/#primaryimage"},"thumbnailUrl":"https:\/\/wartours.in.ua\/wp-content\/uploads\/2025\/09\/Russia_FascismRuscism.jpg","datePublished":"2025-09-11T17:30:04+00:00","dateModified":"2025-09-11T17:37:14+00:00","description":"Ucrania ha dado un paso que podr\u00eda transformar no solo su propia pol\u00edtica hist\u00f3rica, sino tambi\u00e9n la agenda internacional. En agosto, la Verjovna Rada aprob\u00f3 la ley &quot;Sobre los Fundamentos de la Pol\u00edtica Estatal de la Memoria Nacional del Pueblo Ucraniano&quot;.","breadcrumb":{"@id":"https:\/\/wartours.in.ua\/es\/2025\/09\/11\/what-the-law-on-national-memory-and-rashism-means-how-ukraine-is-shaping-a-new-legal-standard\/#breadcrumb"},"inLanguage":"es","potentialAction":[{"@type":"ReadAction","target":["https:\/\/wartours.in.ua\/es\/2025\/09\/11\/what-the-law-on-national-memory-and-rashism-means-how-ukraine-is-shaping-a-new-legal-standard\/"]}]},{"@type":"ImageObject","inLanguage":"es","@id":"https:\/\/wartours.in.ua\/es\/2025\/09\/11\/what-the-law-on-national-memory-and-rashism-means-how-ukraine-is-shaping-a-new-legal-standard\/#primaryimage","url":"https:\/\/wartours.in.ua\/wp-content\/uploads\/2025\/09\/Russia_FascismRuscism.jpg","contentUrl":"https:\/\/wartours.in.ua\/wp-content\/uploads\/2025\/09\/Russia_FascismRuscism.jpg","width":1280,"height":853},{"@type":"BreadcrumbList","@id":"https:\/\/wartours.in.ua\/es\/2025\/09\/11\/what-the-law-on-national-memory-and-rashism-means-how-ukraine-is-shaping-a-new-legal-standard\/#breadcrumb","itemListElement":[{"@type":"ListItem","position":1,"name":"\u0413\u043e\u043b\u043e\u0432\u043d\u0430","item":"https:\/\/wartours.in.ua\/"},{"@type":"ListItem","position":2,"name":"What the Law on National Memory and \u201cRashism\u201d Means: How Ukraine Is Shaping a New Legal Standard"}]},{"@type":"WebSite","@id":"https:\/\/wartours.in.ua\/es\/#website","url":"https:\/\/wartours.in.ua\/es\/","name":"WarTours Ucrania","description":"Turismo militar. Evidencia de agresi\u00f3n rusa con tus propios ojos.","publisher":{"@id":"https:\/\/wartours.in.ua\/es\/#organization"},"alternateName":"Military Tours in Ukraine","potentialAction":[{"@type":"SearchAction","target":{"@type":"EntryPoint","urlTemplate":"https:\/\/wartours.in.ua\/es\/?s={search_term_string}"},"query-input":{"@type":"PropertyValueSpecification","valueRequired":true,"valueName":"search_term_string"}}],"inLanguage":"es"},{"@type":"Organization","@id":"https:\/\/wartours.in.ua\/es\/#organization","name":"WarTours Ucrania","alternateName":"MilitaryTours in Ukraine","url":"https:\/\/wartours.in.ua\/es\/","logo":{"@type":"ImageObject","inLanguage":"es","@id":"https:\/\/wartours.in.ua\/es\/#\/schema\/logo\/image\/","url":"https:\/\/wartours.in.ua\/wp-content\/uploads\/2023\/01\/logo-04.png","contentUrl":"https:\/\/wartours.in.ua\/wp-content\/uploads\/2023\/01\/logo-04.png","width":418,"height":129,"caption":"WarTours Ukraine"},"image":{"@id":"https:\/\/wartours.in.ua\/es\/#\/schema\/logo\/image\/"},"sameAs":["https:\/\/www.instagram.com\/wartours_in_ua\/","https:\/\/www.linkedin.com\/company\/113094334\/admin\/dashboard\/"]},{"@type":"Person","@id":"https:\/\/wartours.in.ua\/es\/#\/schema\/person\/2f330aa72b72a56601fcc0d5d28fdbc1","name":"uawarTours","image":{"@type":"ImageObject","inLanguage":"es","@id":"https:\/\/secure.gravatar.com\/avatar\/8d241296dc1b68e540b084de0201701931c22bde5ce47af723f6de7c8e224db5?s=96&d=mm&r=g","url":"https:\/\/secure.gravatar.com\/avatar\/8d241296dc1b68e540b084de0201701931c22bde5ce47af723f6de7c8e224db5?s=96&d=mm&r=g","contentUrl":"https:\/\/secure.gravatar.com\/avatar\/8d241296dc1b68e540b084de0201701931c22bde5ce47af723f6de7c8e224db5?s=96&d=mm&r=g","caption":"uawarTours"},"sameAs":["https:\/\/wartours.in.ua"],"url":"https:\/\/wartours.in.ua\/es\/author\/uawartours\/"}]}},"_links":{"self":[{"href":"https:\/\/wartours.in.ua\/es\/wp-json\/wp\/v2\/posts\/2074","targetHints":{"allow":["GET"]}}],"collection":[{"href":"https:\/\/wartours.in.ua\/es\/wp-json\/wp\/v2\/posts"}],"about":[{"href":"https:\/\/wartours.in.ua\/es\/wp-json\/wp\/v2\/types\/post"}],"author":[{"embeddable":true,"href":"https:\/\/wartours.in.ua\/es\/wp-json\/wp\/v2\/users\/1"}],"replies":[{"embeddable":true,"href":"https:\/\/wartours.in.ua\/es\/wp-json\/wp\/v2\/comments?post=2074"}],"version-history":[{"count":0,"href":"https:\/\/wartours.in.ua\/es\/wp-json\/wp\/v2\/posts\/2074\/revisions"}],"wp:featuredmedia":[{"embeddable":true,"href":"https:\/\/wartours.in.ua\/es\/wp-json\/wp\/v2\/media\/2078"}],"wp:attachment":[{"href":"https:\/\/wartours.in.ua\/es\/wp-json\/wp\/v2\/media?parent=2074"}],"wp:term":[{"taxonomy":"category","embeddable":true,"href":"https:\/\/wartours.in.ua\/es\/wp-json\/wp\/v2\/categories?post=2074"},{"taxonomy":"post_tag","embeddable":true,"href":"https:\/\/wartours.in.ua\/es\/wp-json\/wp\/v2\/tags?post=2074"}],"curies":[{"name":"gracias","href":"https:\/\/api.w.org\/{rel}","templated":true}]}}