{"id":2074,"date":"2025-09-11T17:30:04","date_gmt":"2025-09-11T17:30:04","guid":{"rendered":"https:\/\/wartours.in.ua\/?p=2074"},"modified":"2025-09-11T17:37:14","modified_gmt":"2025-09-11T17:37:14","slug":"que-signifie-la-loi-sur-la-memoire-nationale-et-le-racisme-comment-l-ukraine-faconne-t-elle-une-nouvelle-norme-juridique","status":"publish","type":"post","link":"https:\/\/wartours.in.ua\/fr\/2025\/09\/11\/what-the-law-on-national-memory-and-rashism-means-how-ukraine-is-shaping-a-new-legal-standard\/","title":{"rendered":"Ce que signifie la loi sur la m\u00e9moire nationale et le \u00ab rachisme \u00bb\u00a0: comment l\u2019Ukraine fa\u00e7onne une nouvelle norme juridique"},"content":{"rendered":"<div data-elementor-type=\"wp-post\" data-elementor-id=\"2074\" class=\"elementor elementor-2074\" data-elementor-settings=\"{&quot;element_pack_global_tooltip_width&quot;:{&quot;unit&quot;:&quot;px&quot;,&quot;size&quot;:&quot;&quot;,&quot;sizes&quot;:[]},&quot;element_pack_global_tooltip_width_tablet&quot;:{&quot;unit&quot;:&quot;px&quot;,&quot;size&quot;:&quot;&quot;,&quot;sizes&quot;:[]},&quot;element_pack_global_tooltip_width_mobile&quot;:{&quot;unit&quot;:&quot;px&quot;,&quot;size&quot;:&quot;&quot;,&quot;sizes&quot;:[]},&quot;element_pack_global_tooltip_padding&quot;:{&quot;unit&quot;:&quot;px&quot;,&quot;top&quot;:&quot;&quot;,&quot;right&quot;:&quot;&quot;,&quot;bottom&quot;:&quot;&quot;,&quot;left&quot;:&quot;&quot;,&quot;isLinked&quot;:true},&quot;element_pack_global_tooltip_padding_tablet&quot;:{&quot;unit&quot;:&quot;px&quot;,&quot;top&quot;:&quot;&quot;,&quot;right&quot;:&quot;&quot;,&quot;bottom&quot;:&quot;&quot;,&quot;left&quot;:&quot;&quot;,&quot;isLinked&quot;:true},&quot;element_pack_global_tooltip_padding_mobile&quot;:{&quot;unit&quot;:&quot;px&quot;,&quot;top&quot;:&quot;&quot;,&quot;right&quot;:&quot;&quot;,&quot;bottom&quot;:&quot;&quot;,&quot;left&quot;:&quot;&quot;,&quot;isLinked&quot;:true},&quot;element_pack_global_tooltip_border_radius&quot;:{&quot;unit&quot;:&quot;px&quot;,&quot;top&quot;:&quot;&quot;,&quot;right&quot;:&quot;&quot;,&quot;bottom&quot;:&quot;&quot;,&quot;left&quot;:&quot;&quot;,&quot;isLinked&quot;:true},&quot;element_pack_global_tooltip_border_radius_tablet&quot;:{&quot;unit&quot;:&quot;px&quot;,&quot;top&quot;:&quot;&quot;,&quot;right&quot;:&quot;&quot;,&quot;bottom&quot;:&quot;&quot;,&quot;left&quot;:&quot;&quot;,&quot;isLinked&quot;:true},&quot;element_pack_global_tooltip_border_radius_mobile&quot;:{&quot;unit&quot;:&quot;px&quot;,&quot;top&quot;:&quot;&quot;,&quot;right&quot;:&quot;&quot;,&quot;bottom&quot;:&quot;&quot;,&quot;left&quot;:&quot;&quot;,&quot;isLinked&quot;:true}}\" data-elementor-post-type=\"post\">\n\t\t\t\t\t\t<section class=\"elementor-section elementor-top-section elementor-element elementor-element-d6fb2a9 elementor-section-boxed elementor-section-height-default elementor-section-height-default\" data-id=\"d6fb2a9\" data-element_type=\"section\" data-e-type=\"section\">\n\t\t\t\t\t\t<div class=\"elementor-container elementor-column-gap-default\">\n\t\t\t\t\t<div class=\"elementor-column elementor-col-100 elementor-top-column elementor-element elementor-element-a4abbfd\" data-id=\"a4abbfd\" data-element_type=\"column\" data-e-type=\"column\">\n\t\t\t<div class=\"elementor-widget-wrap elementor-element-populated\">\n\t\t\t\t\t\t<div class=\"elementor-element elementor-element-629246b elementor-widget elementor-widget-text-editor\" data-id=\"629246b\" data-element_type=\"widget\" data-e-type=\"widget\" data-widget_type=\"text-editor.default\">\n\t\t\t\t<div class=\"elementor-widget-container\">\n\t\t\t\t\t\t\t\t\t<p data-start=\"143\" data-end=\"555\">L&#039;Ukraine a franchi une \u00e9tape qui pourrait transformer non seulement sa propre politique historique, mais aussi l&#039;agenda international. En ao\u00fbt, la Verkhovna Rada a adopt\u00e9 la loi. <em data-start=\"303\" data-end=\"390\">\u00ab Sur les fondements de la politique d\u2019\u00c9tat de la m\u00e9moire nationale du peuple ukrainien. \u00bb<\/em> Le document garantit le droit de l\u2019Ukraine \u00e0 d\u00e9finir comment elle pr\u00e9serve la m\u00e9moire du pass\u00e9 et introduit un terme qui est devenu symbolique de notre lutte \u2014 <strong data-start=\"539\" data-end=\"553\">&quot;racisme.&quot;<\/strong><\/p><p data-start=\"557\" data-end=\"886\">Ce mot, n\u00e9 dans les r\u00e9alit\u00e9s de la guerre, a d\u00e9sormais re\u00e7u une d\u00e9finition juridique : <strong data-start=\"635\" data-end=\"754\">une id\u00e9ologie totalitaire combinant le chauvinisme russe, l\u2019imp\u00e9rialisme et les pratiques des r\u00e9gimes communistes et nazis.<\/strong> Pour la premi\u00e8re fois au niveau de l\u2019\u00c9tat, l\u2019Ukraine a d\u00e9sign\u00e9 l\u2019id\u00e9e fondamentale de l\u2019agresseur pour ce qu\u2019elle est : une menace pour le monde entier.<\/p><hr data-start=\"888\" data-end=\"891\" \/><h2 data-start=\"893\" data-end=\"912\">Pourquoi c&#039;est important<\/h2><p data-start=\"913\" data-end=\"1219\">Pour les Ukrainiens, cette loi ne concerne pas seulement le pass\u00e9. Elle concerne le pr\u00e9sent et l&#039;avenir. Elle consacre les principes de protection du patrimoine culturel, de comm\u00e9moration des lieux de m\u00e9moire et de lutte contre la propagande anti-ukrainienne. Autrement dit, la question de la m\u00e9moire est d\u00e9sormais une question de <strong data-start=\"1195\" data-end=\"1217\">s\u00e9curit\u00e9 nationale.<\/strong><\/p><p data-start=\"1221\" data-end=\"1484\">Reconna\u00eetre le racisme comme une id\u00e9ologie totalitaire ouvre la voie \u00e0 des discussions internationales plus larges. Tout comme le nazisme a \u00e9t\u00e9 condamn\u00e9 apr\u00e8s la Seconde Guerre mondiale et le communisme en Europe de l&#039;Est, l&#039;Ukraine pose aujourd&#039;hui les bases d&#039;une lutte mondiale contre une nouvelle menace.<\/p><hr data-start=\"1486\" data-end=\"1489\" \/><h2 data-start=\"1491\" data-end=\"1523\">La dimension internationale<\/h2><p data-start=\"1524\" data-end=\"1680\">Les juristes et les historiens consid\u00e8rent cette loi comme un fondement pour les futures d\u00e9cisions internationales. En th\u00e9orie, la d\u00e9finition du \u00ab racisme \u00bb pourrait servir de base \u00e0\u00a0:<\/p><ul data-start=\"1682\" data-end=\"1942\"><li data-start=\"1682\" data-end=\"1753\"><p data-start=\"1684\" data-end=\"1753\"><strong data-start=\"1684\" data-end=\"1725\">R\u00e9solutions du Parlement europ\u00e9en ou de l&#039;ONU<\/strong> condamnant cette id\u00e9ologie ;<\/p><\/li><li data-start=\"1754\" data-end=\"1826\"><p data-start=\"1756\" data-end=\"1826\"><strong data-start=\"1756\" data-end=\"1791\">une interdiction mondiale de sa propagande,<\/strong> tout comme les symboles nazis sont interdits ;<\/p><\/li><li data-start=\"1827\" data-end=\"1942\"><p data-start=\"1829\" data-end=\"1942\"><strong data-start=\"1829\" data-end=\"1859\">affaires judiciaires internationales,<\/strong> o\u00f9 le racisme est reconnu comme l\u2019id\u00e9ologie qui a conduit aux crimes de guerre et au g\u00e9nocide.<\/p><\/li><\/ul><p data-start=\"1944\" data-end=\"2195\">Mais la route est sem\u00e9e d&#039;emb\u00fbches. Nombre de pays ne sont pas encore pr\u00eats \u00e0 inscrire ce terme dans leur syst\u00e8me juridique. Certains gouvernements \u00e9vitent toute confrontation directe avec la Russie, tandis que d&#039;autres pourraient attendre la fin de la guerre pour codifier formellement l&#039;id\u00e9ologie de l&#039;agresseur.<\/p><hr data-start=\"2197\" data-end=\"2200\" \/><h2 data-start=\"2202\" data-end=\"2230\">Obstacles et d\u00e9fis<\/h2><ol data-start=\"2231\" data-end=\"2587\"><li data-start=\"2231\" data-end=\"2352\"><p data-start=\"2234\" data-end=\"2352\"><strong data-start=\"2234\" data-end=\"2266\">Pratique juridique internationale<\/strong> \u2014 le racisme n\u2019a pas encore de d\u00e9finition universellement accept\u00e9e en droit international.<\/p><\/li><li data-start=\"2353\" data-end=\"2464\"><p data-start=\"2356\" data-end=\"2464\"><strong data-start=\"2356\" data-end=\"2378\">Pression politique<\/strong> \u2014 les \u00c9tats d\u00e9pendant des ressources ou des partenariats russes pourraient bloquer de telles initiatives.<\/p><\/li><li data-start=\"2465\" data-end=\"2587\"><p data-start=\"2468\" data-end=\"2587\"><strong data-start=\"2468\" data-end=\"2493\">Le besoin de preuves<\/strong> \u2014 les institutions mondiales exigeront des preuves claires reliant l\u2019id\u00e9ologie raciste \u00e0 des crimes sp\u00e9cifiques.<\/p><\/li><\/ol><p data-start=\"2589\" data-end=\"2663\">Malgr\u00e9 ces obstacles, l\u2019Ukraine a d\u00e9j\u00e0 cr\u00e9\u00e9 un pr\u00e9c\u00e9dent important.<\/p><hr data-start=\"2665\" data-end=\"2668\" \/><h2 data-start=\"2670\" data-end=\"2704\">Impact sur la culture et le tourisme<\/h2><p data-start=\"2705\" data-end=\"2775\">La loi a \u00e9galement une dimension pratique. Elle donne \u00e0 l&#039;\u00c9tat les moyens de\u00a0:<\/p><ul data-start=\"2777\" data-end=\"3021\"><li data-start=\"2777\" data-end=\"2827\"><p data-start=\"2779\" data-end=\"2827\">cr\u00e9er un nouveau <strong data-start=\"2790\" data-end=\"2824\">complexes comm\u00e9moratifs et mus\u00e9es<\/strong>;<\/p><\/li><li data-start=\"2828\" data-end=\"2887\"><p data-start=\"2830\" data-end=\"2887\">prot\u00e9ger les sites de m\u00e9moire de la destruction ou de la distorsion ;<\/p><\/li><li data-start=\"2888\" data-end=\"3021\"><p data-start=\"2890\" data-end=\"3021\">d\u00e9velopper <strong data-start=\"2898\" data-end=\"2914\">tourisme de guerre,<\/strong> o\u00f9 les \u00e9trangers peuvent non seulement \u00eatre t\u00e9moins des cons\u00e9quences de la guerre mais aussi comprendre ses racines id\u00e9ologiques.<\/p><\/li><\/ul><p data-start=\"3023\" data-end=\"3284\">Par exemple, les circuits touristiques \u00e0 Kiev ou Kharkiv peuvent d\u00e9sormais pr\u00e9senter officiellement les \u00e9v\u00e9nements actuels non seulement comme des trag\u00e9dies locales, mais aussi comme les manifestations d&#039;une menace mondiale\u00a0: le racisme. Cela donne au tourisme un nouveau sens\u00a0: il devient partie int\u00e9grante de la culture. <strong data-start=\"3238\" data-end=\"3282\">lutte mondiale pour la m\u00e9moire et la v\u00e9rit\u00e9.<\/strong><\/p><hr data-start=\"3286\" data-end=\"3289\" \/><h2 data-start=\"3291\" data-end=\"3339\">L&#039;Ukraine, leader d&#039;une nouvelle norme juridique<\/h2><p data-start=\"3340\" data-end=\"3587\">La loi sur la m\u00e9moire nationale est plus qu&#039;un document interne. C&#039;est une tentative de fa\u00e7onner une nouvelle norme juridique selon laquelle une nation a le droit non seulement de pr\u00e9server son histoire, mais aussi d&#039;alerter le monde sur les dangers du totalitarisme moderne.<\/p><p data-start=\"3589\" data-end=\"3900\">Si le monde en vient \u00e0 reconna\u00eetre le racisme de la m\u00eame mani\u00e8re qu&#039;il a condamn\u00e9 le nazisme et le communisme, l&#039;Ukraine sera le premier pays \u00e0 ouvrir les yeux du monde sur cette menace. Et la m\u00e9moire \u2013 culturelle, historique et humaine \u2013 deviendra la cl\u00e9 de la victoire, non seulement dans cette guerre, mais aussi dans le combat plus large pour l&#039;avenir.<\/p>\t\t\t\t\t\t\t\t<\/div>\n\t\t\t\t<\/div>\n\t\t\t\t\t<\/div>\n\t\t<\/div>\n\t\t\t\t\t<\/div>\n\t\t<\/section>\n\t\t\t\t<\/div>","protected":false},"excerpt":{"rendered":"<p>Ukraine has taken a step that could reshape not only its own historical policy but also the international agenda. In August, the [&hellip;]<\/p>\n","protected":false},"author":1,"featured_media":2078,"comment_status":"closed","ping_status":"closed","sticky":false,"template":"","format":"standard","meta":{"footnotes":""},"categories":[1],"tags":[1340,234,1342,716,643,1335,1338,1344,768,1069,1346,1337,109,1331,1339,1343,1333,198,1345,310,1334,528,641,685,1336,1332,1341,649,658,345],"class_list":["post-2074","post","type-post","status-publish","format-standard","has-post-thumbnail","hentry","category-visitukraine","tag-communism","tag-cultural-heritage","tag-european-parliament","tag-genocide","tag-historical-truth","tag-international-law","tag-international-politics","tag-international-security","tag-kharkiv-tourism","tag-kyiv-tourism","tag-law-of-war","tag-memorials","tag-military-tourism","tag-national-memory","tag-nazism","tag-new-law","tag-rashism","tag-russian-aggression","tag-sites-of-memory","tag-support-for-ukraine","tag-totalitarian-ideology","tag-tourist-routes","tag-ukraine-war","tag-ukrainian-identity","tag-ukrainian-institute-of-national-memory","tag-ukrainian-law","tag-un","tag-war-crimes","tag-war-museums","tag-war-tourism"],"yoast_head":"<!-- This site is optimized with the Yoast SEO Premium plugin v27.4 (Yoast SEO v27.4) - https:\/\/yoast.com\/product\/yoast-seo-premium-wordpress\/ -->\n<title>What the Law on National Memory and \u201cRashism\u201d Means: How Ukraine Is Shaping a New Legal Standard - WarTours Ukraine<\/title>\n<meta name=\"description\" content=\"Ukraine has taken a step that could reshape not only its own historical policy but also the international agenda. In August, the Verkhovna Rada adopted the law \u201cOn the Fundamentals of the State Policy of National Memory of the Ukrainian People.\u201d\" \/>\n<meta name=\"robots\" content=\"index, follow, max-snippet:-1, max-image-preview:large, max-video-preview:-1\" \/>\n<link rel=\"canonical\" href=\"https:\/\/wartours.in.ua\/fr\/2025\/09\/11\/que-signifie-la-loi-sur-la-memoire-nationale-et-le-racisme-comment-l-ukraine-faconne-t-elle-une-nouvelle-norme-juridique\/\" \/>\n<meta property=\"og:locale\" content=\"fr_FR\" \/>\n<meta property=\"og:type\" content=\"article\" \/>\n<meta property=\"og:title\" content=\"What the Law on National Memory and \u201cRashism\u201d Means: How Ukraine Is Shaping a New Legal Standard\" \/>\n<meta property=\"og:description\" content=\"Ukraine has taken a step that could reshape not only its own historical policy but also the international agenda. In August, the Verkhovna Rada adopted the law \u201cOn the Fundamentals of the State Policy of National Memory of the Ukrainian People.\u201d\" \/>\n<meta property=\"og:url\" content=\"https:\/\/wartours.in.ua\/fr\/2025\/09\/11\/que-signifie-la-loi-sur-la-memoire-nationale-et-le-racisme-comment-l-ukraine-faconne-t-elle-une-nouvelle-norme-juridique\/\" \/>\n<meta property=\"og:site_name\" content=\"WarTours Ukraine\" \/>\n<meta property=\"article:published_time\" content=\"2025-09-11T17:30:04+00:00\" \/>\n<meta property=\"article:modified_time\" content=\"2025-09-11T17:37:14+00:00\" \/>\n<meta property=\"og:image\" content=\"https:\/\/wartours.in.ua\/wp-content\/uploads\/2025\/09\/Russia_FascismRuscism.jpg\" \/>\n\t<meta property=\"og:image:width\" content=\"1280\" \/>\n\t<meta property=\"og:image:height\" content=\"853\" \/>\n\t<meta property=\"og:image:type\" content=\"image\/jpeg\" \/>\n<meta name=\"author\" content=\"uawarTours\" \/>\n<meta name=\"twitter:card\" content=\"summary_large_image\" \/>\n<meta name=\"twitter:label1\" content=\"\u00c9crit par\" \/>\n\t<meta name=\"twitter:data1\" content=\"uawarTours\" \/>\n\t<meta name=\"twitter:label2\" content=\"Dur\u00e9e de lecture estim\u00e9e\" \/>\n\t<meta name=\"twitter:data2\" content=\"4 minutes\" \/>\n<script type=\"application\/ld+json\" class=\"yoast-schema-graph\">{\"@context\":\"https:\\\/\\\/schema.org\",\"@graph\":[{\"@type\":\"Article\",\"@id\":\"https:\\\/\\\/wartours.in.ua\\\/fr\\\/2025\\\/09\\\/11\\\/what-the-law-on-national-memory-and-rashism-means-how-ukraine-is-shaping-a-new-legal-standard\\\/#article\",\"isPartOf\":{\"@id\":\"https:\\\/\\\/wartours.in.ua\\\/fr\\\/2025\\\/09\\\/11\\\/what-the-law-on-national-memory-and-rashism-means-how-ukraine-is-shaping-a-new-legal-standard\\\/\"},\"author\":{\"name\":\"uawarTours\",\"@id\":\"https:\\\/\\\/wartours.in.ua\\\/fr\\\/#\\\/schema\\\/person\\\/2f330aa72b72a56601fcc0d5d28fdbc1\"},\"headline\":\"What the Law on National Memory and \u201cRashism\u201d Means: How Ukraine Is Shaping a New Legal Standard\",\"datePublished\":\"2025-09-11T17:30:04+00:00\",\"dateModified\":\"2025-09-11T17:37:14+00:00\",\"mainEntityOfPage\":{\"@id\":\"https:\\\/\\\/wartours.in.ua\\\/fr\\\/2025\\\/09\\\/11\\\/what-the-law-on-national-memory-and-rashism-means-how-ukraine-is-shaping-a-new-legal-standard\\\/\"},\"wordCount\":600,\"publisher\":{\"@id\":\"https:\\\/\\\/wartours.in.ua\\\/fr\\\/#organization\"},\"image\":{\"@id\":\"https:\\\/\\\/wartours.in.ua\\\/fr\\\/2025\\\/09\\\/11\\\/what-the-law-on-national-memory-and-rashism-means-how-ukraine-is-shaping-a-new-legal-standard\\\/#primaryimage\"},\"thumbnailUrl\":\"https:\\\/\\\/wartours.in.ua\\\/wp-content\\\/uploads\\\/2025\\\/09\\\/Russia_FascismRuscism.jpg\",\"keywords\":[\"communism\",\"cultural heritage\",\"European Parliament\",\"genocide\",\"historical truth\",\"international law\",\"international politics\",\"international security\",\"kharkiv tourism\",\"Kyiv tourism\",\"law of war\",\"memorials\",\"military tourism\",\"national memory\",\"Nazism\",\"new law\",\"rashism\",\"Russian aggression\",\"sites of memory\",\"Support for Ukraine\",\"totalitarian ideology\",\"tourist routes\",\"Ukraine war\",\"Ukrainian identity\",\"Ukrainian Institute of National Memory\",\"Ukrainian law\",\"UN\",\"war crimes\",\"war museums\",\"war tourism\"],\"articleSection\":[\"Visit Ukraine\"],\"inLanguage\":\"fr-FR\"},{\"@type\":\"WebPage\",\"@id\":\"https:\\\/\\\/wartours.in.ua\\\/fr\\\/2025\\\/09\\\/11\\\/what-the-law-on-national-memory-and-rashism-means-how-ukraine-is-shaping-a-new-legal-standard\\\/\",\"url\":\"https:\\\/\\\/wartours.in.ua\\\/fr\\\/2025\\\/09\\\/11\\\/what-the-law-on-national-memory-and-rashism-means-how-ukraine-is-shaping-a-new-legal-standard\\\/\",\"name\":\"What the Law on National Memory and \u201cRashism\u201d Means: How Ukraine Is Shaping a New Legal Standard - WarTours Ukraine\",\"isPartOf\":{\"@id\":\"https:\\\/\\\/wartours.in.ua\\\/fr\\\/#website\"},\"primaryImageOfPage\":{\"@id\":\"https:\\\/\\\/wartours.in.ua\\\/fr\\\/2025\\\/09\\\/11\\\/what-the-law-on-national-memory-and-rashism-means-how-ukraine-is-shaping-a-new-legal-standard\\\/#primaryimage\"},\"image\":{\"@id\":\"https:\\\/\\\/wartours.in.ua\\\/fr\\\/2025\\\/09\\\/11\\\/what-the-law-on-national-memory-and-rashism-means-how-ukraine-is-shaping-a-new-legal-standard\\\/#primaryimage\"},\"thumbnailUrl\":\"https:\\\/\\\/wartours.in.ua\\\/wp-content\\\/uploads\\\/2025\\\/09\\\/Russia_FascismRuscism.jpg\",\"datePublished\":\"2025-09-11T17:30:04+00:00\",\"dateModified\":\"2025-09-11T17:37:14+00:00\",\"description\":\"Ukraine has taken a step that could reshape not only its own historical policy but also the international agenda. In August, the Verkhovna Rada adopted the law \u201cOn the Fundamentals of the State Policy of National Memory of the Ukrainian People.\u201d\",\"breadcrumb\":{\"@id\":\"https:\\\/\\\/wartours.in.ua\\\/fr\\\/2025\\\/09\\\/11\\\/what-the-law-on-national-memory-and-rashism-means-how-ukraine-is-shaping-a-new-legal-standard\\\/#breadcrumb\"},\"inLanguage\":\"fr-FR\",\"potentialAction\":[{\"@type\":\"ReadAction\",\"target\":[\"https:\\\/\\\/wartours.in.ua\\\/fr\\\/2025\\\/09\\\/11\\\/what-the-law-on-national-memory-and-rashism-means-how-ukraine-is-shaping-a-new-legal-standard\\\/\"]}]},{\"@type\":\"ImageObject\",\"inLanguage\":\"fr-FR\",\"@id\":\"https:\\\/\\\/wartours.in.ua\\\/fr\\\/2025\\\/09\\\/11\\\/what-the-law-on-national-memory-and-rashism-means-how-ukraine-is-shaping-a-new-legal-standard\\\/#primaryimage\",\"url\":\"https:\\\/\\\/wartours.in.ua\\\/wp-content\\\/uploads\\\/2025\\\/09\\\/Russia_FascismRuscism.jpg\",\"contentUrl\":\"https:\\\/\\\/wartours.in.ua\\\/wp-content\\\/uploads\\\/2025\\\/09\\\/Russia_FascismRuscism.jpg\",\"width\":1280,\"height\":853},{\"@type\":\"BreadcrumbList\",\"@id\":\"https:\\\/\\\/wartours.in.ua\\\/fr\\\/2025\\\/09\\\/11\\\/what-the-law-on-national-memory-and-rashism-means-how-ukraine-is-shaping-a-new-legal-standard\\\/#breadcrumb\",\"itemListElement\":[{\"@type\":\"ListItem\",\"position\":1,\"name\":\"\u0413\u043e\u043b\u043e\u0432\u043d\u0430\",\"item\":\"https:\\\/\\\/wartours.in.ua\\\/\"},{\"@type\":\"ListItem\",\"position\":2,\"name\":\"What the Law on National Memory and \u201cRashism\u201d Means: How Ukraine Is Shaping a New Legal Standard\"}]},{\"@type\":\"WebSite\",\"@id\":\"https:\\\/\\\/wartours.in.ua\\\/fr\\\/#website\",\"url\":\"https:\\\/\\\/wartours.in.ua\\\/fr\\\/\",\"name\":\"WarTours Ukraine\",\"description\":\"Military tourism. Evidence of russian aggression with your own eyes\",\"publisher\":{\"@id\":\"https:\\\/\\\/wartours.in.ua\\\/fr\\\/#organization\"},\"alternateName\":\"Military Tours in Ukraine\",\"potentialAction\":[{\"@type\":\"SearchAction\",\"target\":{\"@type\":\"EntryPoint\",\"urlTemplate\":\"https:\\\/\\\/wartours.in.ua\\\/fr\\\/?s={search_term_string}\"},\"query-input\":{\"@type\":\"PropertyValueSpecification\",\"valueRequired\":true,\"valueName\":\"search_term_string\"}}],\"inLanguage\":\"fr-FR\"},{\"@type\":\"Organization\",\"@id\":\"https:\\\/\\\/wartours.in.ua\\\/fr\\\/#organization\",\"name\":\"WarTours Ukraine\",\"alternateName\":\"MilitaryTours in Ukraine\",\"url\":\"https:\\\/\\\/wartours.in.ua\\\/fr\\\/\",\"logo\":{\"@type\":\"ImageObject\",\"inLanguage\":\"fr-FR\",\"@id\":\"https:\\\/\\\/wartours.in.ua\\\/fr\\\/#\\\/schema\\\/logo\\\/image\\\/\",\"url\":\"https:\\\/\\\/wartours.in.ua\\\/wp-content\\\/uploads\\\/2023\\\/01\\\/logo-04.png\",\"contentUrl\":\"https:\\\/\\\/wartours.in.ua\\\/wp-content\\\/uploads\\\/2023\\\/01\\\/logo-04.png\",\"width\":418,\"height\":129,\"caption\":\"WarTours Ukraine\"},\"image\":{\"@id\":\"https:\\\/\\\/wartours.in.ua\\\/fr\\\/#\\\/schema\\\/logo\\\/image\\\/\"},\"sameAs\":[\"https:\\\/\\\/www.instagram.com\\\/wartours_in_ua\\\/\",\"https:\\\/\\\/www.linkedin.com\\\/company\\\/113094334\\\/admin\\\/dashboard\\\/\"]},{\"@type\":\"Person\",\"@id\":\"https:\\\/\\\/wartours.in.ua\\\/fr\\\/#\\\/schema\\\/person\\\/2f330aa72b72a56601fcc0d5d28fdbc1\",\"name\":\"uawarTours\",\"image\":{\"@type\":\"ImageObject\",\"inLanguage\":\"fr-FR\",\"@id\":\"https:\\\/\\\/secure.gravatar.com\\\/avatar\\\/8d241296dc1b68e540b084de0201701931c22bde5ce47af723f6de7c8e224db5?s=96&d=mm&r=g\",\"url\":\"https:\\\/\\\/secure.gravatar.com\\\/avatar\\\/8d241296dc1b68e540b084de0201701931c22bde5ce47af723f6de7c8e224db5?s=96&d=mm&r=g\",\"contentUrl\":\"https:\\\/\\\/secure.gravatar.com\\\/avatar\\\/8d241296dc1b68e540b084de0201701931c22bde5ce47af723f6de7c8e224db5?s=96&d=mm&r=g\",\"caption\":\"uawarTours\"},\"sameAs\":[\"https:\\\/\\\/wartours.in.ua\"],\"url\":\"https:\\\/\\\/wartours.in.ua\\\/fr\\\/author\\\/uawartours\\\/\"}]}<\/script>\n<!-- \/ Yoast SEO Premium plugin. -->","yoast_head_json":{"title":"Signification de la loi sur la m\u00e9moire nationale et le \u00ab\u00a0rashisme\u00a0\u00bb\u00a0: comment l&#039;Ukraine fa\u00e7onne une nouvelle norme juridique\u00a0- WarTours Ukraine","description":"L&#039;Ukraine a franchi une \u00e9tape susceptible de transformer non seulement sa propre politique historique, mais aussi son agenda international. En ao\u00fbt, la Verkhovna Rada a adopt\u00e9 la loi \u00ab\u00a0Sur les fondements de la politique d&#039;\u00c9tat en faveur de la m\u00e9moire nationale du peuple ukrainien\u00a0\u00bb.","robots":{"index":"index","follow":"follow","max-snippet":"max-snippet:-1","max-image-preview":"max-image-preview:large","max-video-preview":"max-video-preview:-1"},"canonical":"https:\/\/wartours.in.ua\/fr\/2025\/09\/11\/que-signifie-la-loi-sur-la-memoire-nationale-et-le-racisme-comment-l-ukraine-faconne-t-elle-une-nouvelle-norme-juridique\/","og_locale":"fr_FR","og_type":"article","og_title":"What the Law on National Memory and \u201cRashism\u201d Means: How Ukraine Is Shaping a New Legal Standard","og_description":"Ukraine has taken a step that could reshape not only its own historical policy but also the international agenda. In August, the Verkhovna Rada adopted the law \u201cOn the Fundamentals of the State Policy of National Memory of the Ukrainian People.\u201d","og_url":"https:\/\/wartours.in.ua\/fr\/2025\/09\/11\/que-signifie-la-loi-sur-la-memoire-nationale-et-le-racisme-comment-l-ukraine-faconne-t-elle-une-nouvelle-norme-juridique\/","og_site_name":"WarTours Ukraine","article_published_time":"2025-09-11T17:30:04+00:00","article_modified_time":"2025-09-11T17:37:14+00:00","og_image":[{"width":1280,"height":853,"url":"https:\/\/wartours.in.ua\/wp-content\/uploads\/2025\/09\/Russia_FascismRuscism.jpg","type":"image\/jpeg"}],"author":"uawarTours","twitter_card":"summary_large_image","twitter_misc":{"\u00c9crit par":"uawarTours","Dur\u00e9e de lecture estim\u00e9e":"4 minutes"},"schema":{"@context":"https:\/\/schema.org","@graph":[{"@type":"Article","@id":"https:\/\/wartours.in.ua\/fr\/2025\/09\/11\/what-the-law-on-national-memory-and-rashism-means-how-ukraine-is-shaping-a-new-legal-standard\/#article","isPartOf":{"@id":"https:\/\/wartours.in.ua\/fr\/2025\/09\/11\/what-the-law-on-national-memory-and-rashism-means-how-ukraine-is-shaping-a-new-legal-standard\/"},"author":{"name":"uawarTours","@id":"https:\/\/wartours.in.ua\/fr\/#\/schema\/person\/2f330aa72b72a56601fcc0d5d28fdbc1"},"headline":"What the Law on National Memory and \u201cRashism\u201d Means: How Ukraine Is Shaping a New Legal Standard","datePublished":"2025-09-11T17:30:04+00:00","dateModified":"2025-09-11T17:37:14+00:00","mainEntityOfPage":{"@id":"https:\/\/wartours.in.ua\/fr\/2025\/09\/11\/what-the-law-on-national-memory-and-rashism-means-how-ukraine-is-shaping-a-new-legal-standard\/"},"wordCount":600,"publisher":{"@id":"https:\/\/wartours.in.ua\/fr\/#organization"},"image":{"@id":"https:\/\/wartours.in.ua\/fr\/2025\/09\/11\/what-the-law-on-national-memory-and-rashism-means-how-ukraine-is-shaping-a-new-legal-standard\/#primaryimage"},"thumbnailUrl":"https:\/\/wartours.in.ua\/wp-content\/uploads\/2025\/09\/Russia_FascismRuscism.jpg","keywords":["communism","cultural heritage","European Parliament","genocide","historical truth","international law","international politics","international security","kharkiv tourism","Kyiv tourism","law of war","memorials","military tourism","national memory","Nazism","new law","rashism","Russian aggression","sites of memory","Support for Ukraine","totalitarian ideology","tourist routes","Ukraine war","Ukrainian identity","Ukrainian Institute of National Memory","Ukrainian law","UN","war crimes","war museums","war tourism"],"articleSection":["Visit Ukraine"],"inLanguage":"fr-FR"},{"@type":"WebPage","@id":"https:\/\/wartours.in.ua\/fr\/2025\/09\/11\/what-the-law-on-national-memory-and-rashism-means-how-ukraine-is-shaping-a-new-legal-standard\/","url":"https:\/\/wartours.in.ua\/fr\/2025\/09\/11\/what-the-law-on-national-memory-and-rashism-means-how-ukraine-is-shaping-a-new-legal-standard\/","name":"Signification de la loi sur la m\u00e9moire nationale et le \u00ab\u00a0rashisme\u00a0\u00bb\u00a0: comment l&#039;Ukraine fa\u00e7onne une nouvelle norme juridique\u00a0- WarTours Ukraine","isPartOf":{"@id":"https:\/\/wartours.in.ua\/fr\/#website"},"primaryImageOfPage":{"@id":"https:\/\/wartours.in.ua\/fr\/2025\/09\/11\/what-the-law-on-national-memory-and-rashism-means-how-ukraine-is-shaping-a-new-legal-standard\/#primaryimage"},"image":{"@id":"https:\/\/wartours.in.ua\/fr\/2025\/09\/11\/what-the-law-on-national-memory-and-rashism-means-how-ukraine-is-shaping-a-new-legal-standard\/#primaryimage"},"thumbnailUrl":"https:\/\/wartours.in.ua\/wp-content\/uploads\/2025\/09\/Russia_FascismRuscism.jpg","datePublished":"2025-09-11T17:30:04+00:00","dateModified":"2025-09-11T17:37:14+00:00","description":"L&#039;Ukraine a franchi une \u00e9tape susceptible de transformer non seulement sa propre politique historique, mais aussi son agenda international. En ao\u00fbt, la Verkhovna Rada a adopt\u00e9 la loi \u00ab\u00a0Sur les fondements de la politique d&#039;\u00c9tat en faveur de la m\u00e9moire nationale du peuple ukrainien\u00a0\u00bb.","breadcrumb":{"@id":"https:\/\/wartours.in.ua\/fr\/2025\/09\/11\/what-the-law-on-national-memory-and-rashism-means-how-ukraine-is-shaping-a-new-legal-standard\/#breadcrumb"},"inLanguage":"fr-FR","potentialAction":[{"@type":"ReadAction","target":["https:\/\/wartours.in.ua\/fr\/2025\/09\/11\/what-the-law-on-national-memory-and-rashism-means-how-ukraine-is-shaping-a-new-legal-standard\/"]}]},{"@type":"ImageObject","inLanguage":"fr-FR","@id":"https:\/\/wartours.in.ua\/fr\/2025\/09\/11\/what-the-law-on-national-memory-and-rashism-means-how-ukraine-is-shaping-a-new-legal-standard\/#primaryimage","url":"https:\/\/wartours.in.ua\/wp-content\/uploads\/2025\/09\/Russia_FascismRuscism.jpg","contentUrl":"https:\/\/wartours.in.ua\/wp-content\/uploads\/2025\/09\/Russia_FascismRuscism.jpg","width":1280,"height":853},{"@type":"BreadcrumbList","@id":"https:\/\/wartours.in.ua\/fr\/2025\/09\/11\/what-the-law-on-national-memory-and-rashism-means-how-ukraine-is-shaping-a-new-legal-standard\/#breadcrumb","itemListElement":[{"@type":"ListItem","position":1,"name":"\u0413\u043e\u043b\u043e\u0432\u043d\u0430","item":"https:\/\/wartours.in.ua\/"},{"@type":"ListItem","position":2,"name":"What the Law on National Memory and \u201cRashism\u201d Means: How Ukraine Is Shaping a New Legal Standard"}]},{"@type":"WebSite","@id":"https:\/\/wartours.in.ua\/fr\/#website","url":"https:\/\/wartours.in.ua\/fr\/","name":"War Tours Ukraine","description":"Tourisme militaire. Preuve de l&#039;agression russe de vos propres yeux","publisher":{"@id":"https:\/\/wartours.in.ua\/fr\/#organization"},"alternateName":"Military Tours in Ukraine","potentialAction":[{"@type":"SearchAction","target":{"@type":"EntryPoint","urlTemplate":"https:\/\/wartours.in.ua\/fr\/?s={search_term_string}"},"query-input":{"@type":"PropertyValueSpecification","valueRequired":true,"valueName":"search_term_string"}}],"inLanguage":"fr-FR"},{"@type":"Organization","@id":"https:\/\/wartours.in.ua\/fr\/#organization","name":"War Tours Ukraine","alternateName":"MilitaryTours in Ukraine","url":"https:\/\/wartours.in.ua\/fr\/","logo":{"@type":"ImageObject","inLanguage":"fr-FR","@id":"https:\/\/wartours.in.ua\/fr\/#\/schema\/logo\/image\/","url":"https:\/\/wartours.in.ua\/wp-content\/uploads\/2023\/01\/logo-04.png","contentUrl":"https:\/\/wartours.in.ua\/wp-content\/uploads\/2023\/01\/logo-04.png","width":418,"height":129,"caption":"WarTours Ukraine"},"image":{"@id":"https:\/\/wartours.in.ua\/fr\/#\/schema\/logo\/image\/"},"sameAs":["https:\/\/www.instagram.com\/wartours_in_ua\/","https:\/\/www.linkedin.com\/company\/113094334\/admin\/dashboard\/"]},{"@type":"Person","@id":"https:\/\/wartours.in.ua\/fr\/#\/schema\/person\/2f330aa72b72a56601fcc0d5d28fdbc1","name":"uawarTours","image":{"@type":"ImageObject","inLanguage":"fr-FR","@id":"https:\/\/secure.gravatar.com\/avatar\/8d241296dc1b68e540b084de0201701931c22bde5ce47af723f6de7c8e224db5?s=96&d=mm&r=g","url":"https:\/\/secure.gravatar.com\/avatar\/8d241296dc1b68e540b084de0201701931c22bde5ce47af723f6de7c8e224db5?s=96&d=mm&r=g","contentUrl":"https:\/\/secure.gravatar.com\/avatar\/8d241296dc1b68e540b084de0201701931c22bde5ce47af723f6de7c8e224db5?s=96&d=mm&r=g","caption":"uawarTours"},"sameAs":["https:\/\/wartours.in.ua"],"url":"https:\/\/wartours.in.ua\/fr\/author\/uawartours\/"}]}},"_links":{"self":[{"href":"https:\/\/wartours.in.ua\/fr\/wp-json\/wp\/v2\/posts\/2074","targetHints":{"allow":["GET"]}}],"collection":[{"href":"https:\/\/wartours.in.ua\/fr\/wp-json\/wp\/v2\/posts"}],"about":[{"href":"https:\/\/wartours.in.ua\/fr\/wp-json\/wp\/v2\/types\/post"}],"author":[{"embeddable":true,"href":"https:\/\/wartours.in.ua\/fr\/wp-json\/wp\/v2\/users\/1"}],"replies":[{"embeddable":true,"href":"https:\/\/wartours.in.ua\/fr\/wp-json\/wp\/v2\/comments?post=2074"}],"version-history":[{"count":0,"href":"https:\/\/wartours.in.ua\/fr\/wp-json\/wp\/v2\/posts\/2074\/revisions"}],"wp:featuredmedia":[{"embeddable":true,"href":"https:\/\/wartours.in.ua\/fr\/wp-json\/wp\/v2\/media\/2078"}],"wp:attachment":[{"href":"https:\/\/wartours.in.ua\/fr\/wp-json\/wp\/v2\/media?parent=2074"}],"wp:term":[{"taxonomy":"category","embeddable":true,"href":"https:\/\/wartours.in.ua\/fr\/wp-json\/wp\/v2\/categories?post=2074"},{"taxonomy":"post_tag","embeddable":true,"href":"https:\/\/wartours.in.ua\/fr\/wp-json\/wp\/v2\/tags?post=2074"}],"curies":[{"name":"wp","href":"https:\/\/api.w.org\/{rel}","templated":true}]}}