{"id":2543,"date":"2026-02-12T14:26:05","date_gmt":"2026-02-12T14:26:05","guid":{"rendered":"https:\/\/wartours.in.ua\/?p=2543"},"modified":"2026-02-12T14:35:04","modified_gmt":"2026-02-12T14:35:04","slug":"nar-minnet-blir-politisk-diskvalifikasjonen-av-vladyslav-heraskevych-og-grensene-for-olympisk-noytralitet","status":"publish","type":"post","link":"https:\/\/wartours.in.ua\/nb\/2026\/02\/12\/when-memory-becomes-political-the-disqualification-of-vladyslav-heraskevych-and-the-limits-of-olympic-neutrality\/","title":{"rendered":"N\u00e5r minnet blir \u201cpolitisk\u201d: Diskvalifikasjonen av Vladyslav Heraskevych og grensene for olympisk n\u00f8ytralitet"},"content":{"rendered":"<div data-elementor-type=\"wp-post\" data-elementor-id=\"2543\" class=\"elementor elementor-2543\" data-elementor-settings=\"{&quot;element_pack_global_tooltip_width&quot;:{&quot;unit&quot;:&quot;px&quot;,&quot;size&quot;:&quot;&quot;,&quot;sizes&quot;:[]},&quot;element_pack_global_tooltip_width_tablet&quot;:{&quot;unit&quot;:&quot;px&quot;,&quot;size&quot;:&quot;&quot;,&quot;sizes&quot;:[]},&quot;element_pack_global_tooltip_width_mobile&quot;:{&quot;unit&quot;:&quot;px&quot;,&quot;size&quot;:&quot;&quot;,&quot;sizes&quot;:[]},&quot;element_pack_global_tooltip_padding&quot;:{&quot;unit&quot;:&quot;px&quot;,&quot;top&quot;:&quot;&quot;,&quot;right&quot;:&quot;&quot;,&quot;bottom&quot;:&quot;&quot;,&quot;left&quot;:&quot;&quot;,&quot;isLinked&quot;:true},&quot;element_pack_global_tooltip_padding_tablet&quot;:{&quot;unit&quot;:&quot;px&quot;,&quot;top&quot;:&quot;&quot;,&quot;right&quot;:&quot;&quot;,&quot;bottom&quot;:&quot;&quot;,&quot;left&quot;:&quot;&quot;,&quot;isLinked&quot;:true},&quot;element_pack_global_tooltip_padding_mobile&quot;:{&quot;unit&quot;:&quot;px&quot;,&quot;top&quot;:&quot;&quot;,&quot;right&quot;:&quot;&quot;,&quot;bottom&quot;:&quot;&quot;,&quot;left&quot;:&quot;&quot;,&quot;isLinked&quot;:true},&quot;element_pack_global_tooltip_border_radius&quot;:{&quot;unit&quot;:&quot;px&quot;,&quot;top&quot;:&quot;&quot;,&quot;right&quot;:&quot;&quot;,&quot;bottom&quot;:&quot;&quot;,&quot;left&quot;:&quot;&quot;,&quot;isLinked&quot;:true},&quot;element_pack_global_tooltip_border_radius_tablet&quot;:{&quot;unit&quot;:&quot;px&quot;,&quot;top&quot;:&quot;&quot;,&quot;right&quot;:&quot;&quot;,&quot;bottom&quot;:&quot;&quot;,&quot;left&quot;:&quot;&quot;,&quot;isLinked&quot;:true},&quot;element_pack_global_tooltip_border_radius_mobile&quot;:{&quot;unit&quot;:&quot;px&quot;,&quot;top&quot;:&quot;&quot;,&quot;right&quot;:&quot;&quot;,&quot;bottom&quot;:&quot;&quot;,&quot;left&quot;:&quot;&quot;,&quot;isLinked&quot;:true}}\" data-elementor-post-type=\"post\">\n\t\t\t\t\t\t<section class=\"elementor-section elementor-top-section elementor-element elementor-element-61a0d60 elementor-section-boxed elementor-section-height-default elementor-section-height-default\" data-id=\"61a0d60\" data-element_type=\"section\" data-e-type=\"section\">\n\t\t\t\t\t\t<div class=\"elementor-container elementor-column-gap-default\">\n\t\t\t\t\t<div class=\"elementor-column elementor-col-100 elementor-top-column elementor-element elementor-element-8a9852a\" data-id=\"8a9852a\" data-element_type=\"column\" data-e-type=\"column\">\n\t\t\t<div class=\"elementor-widget-wrap elementor-element-populated\">\n\t\t\t\t\t\t<div class=\"elementor-element elementor-element-2fff94f elementor-widget elementor-widget-text-editor\" data-id=\"2fff94f\" data-element_type=\"widget\" data-e-type=\"widget\" data-widget_type=\"text-editor.default\">\n\t\t\t\t<div class=\"elementor-widget-container\">\n\t\t\t\t\t\t\t\t\t<p data-start=\"274\" data-end=\"514\">Vinter-OL i Milano-Cortina skulle egentlig handle om fart, st\u00e5lnerver og br\u00f8kdeler av et sekund. I stedet, f\u00f8r et eneste l\u00f8p p\u00e5 isen begynte, befant verden seg i \u00e5 se noe helt annet \u2013 en moralsk konfrontasjon p\u00e5 isen.<\/p><p data-start=\"516\" data-end=\"711\">Ukrainsk skjelettracer <span class=\"hover:entity-accent entity-underline inline cursor-pointer align-baseline\"><span class=\"whitespace-normal\">Vladyslav Heraskevych<\/span><\/span> ble diskvalifisert f\u00f8r sitt f\u00f8rste l\u00f8p. \u00c5rsaken var ikke en teknisk forseelse, ikke utstyrsfeil, ikke doping. Det var en hjelm.<\/p><p data-start=\"713\" data-end=\"823\">En hjelm dekket med bilder av ukrainske idrettsut\u00f8vere drept siden begynnelsen av Russlands fullskala invasjon.<\/p><p data-start=\"825\" data-end=\"856\">For Heraskevych var det enkelt.<\/p><blockquote data-start=\"858\" data-end=\"988\"><p data-start=\"860\" data-end=\"988\">\u201cVi br\u00f8t ingen regler. Denne hjelmen b\u00e6rer ikke med seg politisk kontekst\u201d, sa han.<br data-start=\"946\" data-end=\"949\" \/>\u201cJeg hadde all rett til \u00e5 konkurrere i det.\u201d<\/p><\/blockquote><p data-start=\"990\" data-end=\"1054\">For den <span class=\"hover:entity-accent entity-underline inline cursor-pointer align-baseline\"><span class=\"whitespace-normal\">Den internasjonale olympiske komit\u00e9<\/span><\/span>, det var annerledes.<\/p><p data-start=\"1056\" data-end=\"1395\">Komiteen viste til sine retningslinjer for ut\u00f8vernes uttrykksm\u00e5te \u2013 prinsippet som er hentet fra regel 50 i det olympiske charteret, som forbyr politiske demonstrasjoner under konkurranser. Tjenestemennene skal ha tilbudt ham et kompromiss: han kunne vise frem hjelmen f\u00f8r start, eller i mixed zone etter l\u00f8pet, men ikke under selve l\u00f8pet.<\/p><p data-start=\"1397\" data-end=\"1408\">Han nektet.<\/p><hr data-start=\"1410\" data-end=\"1413\" \/><h2 data-start=\"1415\" data-end=\"1459\">En personlig grense som ikke kunne krysses<\/h2><p data-start=\"1461\" data-end=\"1682\">De som st\u00e5r det ukrainske laget n\u00e6r sier at avgj\u00f8relsen ikke var impulsiv. Bildene p\u00e5 hjelmen var ikke slagord. De var ansikter \u2013 mer enn tjue idrettsut\u00f8vere og medlemmer av Ukrainas idrettsmilj\u00f8 som d\u00f8de i krigen.<\/p><p data-start=\"1684\" data-end=\"1803\">Ukrainas idrettsforbund ansl\u00e5r at hundrevis av idrettsut\u00f8vere, trenere og ansatte har blitt drept siden 2022.<\/p><p data-start=\"1805\" data-end=\"1865\">For Heraskevych gjorde den virkeligheten n\u00f8ytraliteten abstrakt.<\/p><blockquote data-start=\"1867\" data-end=\"1994\"><p data-start=\"1869\" data-end=\"1994\">\u201cVi betalte prisen for v\u00e5r verdighet\u201d, sa han senere.<br data-start=\"1920\" data-end=\"1923\" \/>\u201cJeg forsvarte Ukrainas interesser og minnet om v\u00e5re idrettsut\u00f8vere.\u201d<\/p><\/blockquote><p data-start=\"1996\" data-end=\"2232\">M\u00f8tet den morgenen med IOC-presidenten <span class=\"hover:entity-accent entity-underline inline cursor-pointer align-baseline\"><span class=\"whitespace-normal\">Kirsty Coventry<\/span><\/span> angivelig endte uten kompromisser. Da den f\u00f8rste sleden gjorde seg klar til \u00e5 kj\u00f8re nedover den isete l\u00f8ypa, var ikke Heraskevychs navn lenger p\u00e5 startlisten.<\/p><hr data-start=\"2234\" data-end=\"2237\" \/><h2 data-start=\"2239\" data-end=\"2266\">Solidaritet i bakkene<\/h2><p data-start=\"2268\" data-end=\"2326\">Hvis IOC forventet at problemet skulle forsvinne stille, gjorde det ikke det.<\/p><p data-start=\"2328\" data-end=\"2484\">Etter sin egen prestasjon, ukrainsk alpinist <span class=\"hover:entity-accent entity-underline inline cursor-pointer align-baseline\"><span class=\"whitespace-normal\">Dmytro Sjepyuk<\/span><\/span> l\u00f8ftet den behandskede h\u00e5nden mot kameraene. Ordene sto skrevet p\u00e5 tvers av den:<\/p><p data-start=\"2486\" data-end=\"2521\"><strong data-start=\"2486\" data-end=\"2521\">\u201c&quot;Ukrainske helter er med oss.&quot;\u201d<\/strong><\/p><p data-start=\"2523\" data-end=\"2566\">Det var ikke en tale. Det trengte det heller ikke \u00e5 v\u00e6re.<\/p><p data-start=\"2568\" data-end=\"2647\">Ukrainas <span class=\"hover:entity-accent entity-underline inline cursor-pointer align-baseline\"><span class=\"whitespace-normal\">Ukrainas nasjonale olympiske komit\u00e9<\/span><\/span> ga ut en uttalelse som l\u00f8d:<\/p><blockquote data-start=\"2649\" data-end=\"2945\"><p data-start=\"2651\" data-end=\"2945\">\u201cHan skulle egentlig starte med \u2018minnehjelmen\u2019 \u2013 som et tegn p\u00e5 respekt for falne ukrainske idrettsut\u00f8vere og alle v\u00e5re helter.\u00bb.<br data-start=\"2772\" data-end=\"2775\" \/>I dag startet han ikke, men han var ikke alene \u2013 hele Ukraina var og er med ham.<br data-start=\"2859\" data-end=\"2862\" \/>N\u00e5r en idrettsut\u00f8ver st\u00e5r for sannhet, \u00e6re og minne \u2013 er det allerede en seier.\u201d<\/p><\/blockquote><p data-start=\"2947\" data-end=\"3227\">Hjemme var reaksjonen fra publikum umiddelbar. Sosiale medier var fylt med st\u00f8ttende meldinger. Sportskommentatorer fremstilte diskvalifikasjonen som et symbol p\u00e5 en st\u00f8rre frustrasjon: at ukrainske idrettsut\u00f8vere blir bedt om \u00e5 konkurrere som om krig var en fjern overskrift snarere enn en daglig realitet.<\/p><hr data-start=\"3229\" data-end=\"3232\" \/><h2 data-start=\"3234\" data-end=\"3264\">Sp\u00f8rsm\u00e5let om konsistens<\/h2><p data-start=\"3266\" data-end=\"3308\">Heraskevych tok ogs\u00e5 opp et vanskelig poeng.<\/p><p data-start=\"3310\" data-end=\"3568\">Han stilte sp\u00f8rsm\u00e5l ved hvorfor andre symbolske gester i lekene s\u00e5 ut til \u00e5 v\u00e6re tillatt. Hvorfor, spurte han, var visse hyllestmeldinger tillatt i andre idretter? Hvorfor fantes det ingen forklaring ang\u00e5ende visuelle elementer knyttet til russisk symbolikk p\u00e5 andre ut\u00f8veres utstyr?<\/p><blockquote data-start=\"3570\" data-end=\"3742\"><p data-start=\"3572\" data-end=\"3742\">\u201cI dokumentet skrev de at jeg offentlig kunngjorde at disse var ofre for krig\u201d, sa han.<br data-start=\"3663\" data-end=\"3666\" \/>\u201cMen n\u00e5r du ser p\u00e5 hjelmen, er ikke det tydelig. Det handlet om hukommelse.\u201d<\/p><\/blockquote><p data-start=\"3744\" data-end=\"3839\">Denne spenningen \u2013 mellom tolkning og h\u00e5ndheving \u2013 er n\u00e5 kjernen i kontroversen.<\/p><p data-start=\"3841\" data-end=\"3961\">IOC fastholder at regler m\u00e5 gjelde likt. Kritikere hevder at likhet uten kontekst kan bli moralsk blindhet.<\/p><hr data-start=\"3963\" data-end=\"3966\" \/><h2 data-start=\"3968\" data-end=\"3990\">Mer enn symbolikk<\/h2><p data-start=\"3992\" data-end=\"4084\">Heraskevych stoppet ikke ved \u00e5 forsvare sin rett til \u00e5 bruke hjelm. Han stilte tre krav:<\/p><p data-start=\"4086\" data-end=\"4254\">\u2013 Opphev forbudet mot minnehjelmen<br data-start=\"4121\" data-end=\"4124\" \/>\u2013 Beklager presset han ble lagt p\u00e5<br data-start=\"4166\" data-end=\"4169\" \/>\u2013 S\u00f8rge for generatorer til ukrainske idrettsanlegg som lider av konstante angrep<\/p><p data-start=\"4256\" data-end=\"4457\">Det siste punktet slo an en annen tone. Ukrainske stadioner, sk\u00f8ytebaner og treningssentre har blitt skadet eller st\u00e5tt uten stabil str\u00f8m p\u00e5 grunn av missilangrep og angrep p\u00e5 energiinfrastruktur.<\/p><p data-start=\"4459\" data-end=\"4560\">For mange i Ukraina er ikke dette teoretisk politikk. Det handler om hvorvidt unge idrettsut\u00f8vere i det hele tatt kan trene.<\/p><hr data-start=\"4562\" data-end=\"4565\" \/><h2 data-start=\"4567\" data-end=\"4587\">Hva skjer videre<\/h2><p data-start=\"4589\" data-end=\"4820\">Den ukrainske siden har indikert at de kan forberede en anke til idrettsdomstolen. Juridiske eksperter antyder at en slik sak kan teste hvor langt regel 50 kan strekke seg \u2013 og om erindring kvalifiserer som forbudt ytring.<\/p><p data-start=\"4822\" data-end=\"4891\">I mellomtiden forblir Heraskevych p\u00e5 lekene, men utenfor konkurransen.<\/p><p data-start=\"4893\" data-end=\"4988\">Medaljene vil bli delt ut. Det vil bli tatt bilder fra pallen. Men debatten vil ikke forsvinne.<\/p><hr data-start=\"4990\" data-end=\"4993\" \/><h2 data-start=\"4995\" data-end=\"5014\">En dypere spenning<\/h2><p data-start=\"5016\" data-end=\"5198\">Den olympiske bevegelsen har lenge insistert p\u00e5 at idrett m\u00e5 forbli n\u00f8ytral \u2013 et rom uber\u00f8rt av global konflikt. Likevel viser historien at idrett og politikk sjelden forblir adskilt lenge.<\/p><p data-start=\"5200\" data-end=\"5353\">For Ukraina er ikke krigen symbolsk. Idrettsut\u00f8vere trener under luftangrepsvarsler. Konkurranser blir utsatt p\u00e5 grunn av str\u00f8mbrudd. Trenere tjenestegj\u00f8r ved fronten.<\/p><p data-start=\"5355\" data-end=\"5430\">I den virkeligheten blir grensen mellom erindring og politikk visket ut.<\/p><p data-start=\"5432\" data-end=\"5457\">IOC s\u00f8ker n\u00f8ytralitet.<\/p><p data-start=\"5459\" data-end=\"5495\">Ukrainske idrettsut\u00f8vere s\u00f8ker anerkjennelse.<\/p><p data-start=\"5497\" data-end=\"5569\">N\u00e5r disse prinsippene kolliderer, handler ikke lenger sp\u00f8rsm\u00e5let om hjelm.<\/p><p data-start=\"5571\" data-end=\"5653\">Det handler om hva den olympiske scenen representerer \u2013 og hvis virkelighet den anerkjenner.<\/p>\t\t\t\t\t\t\t\t<\/div>\n\t\t\t\t<\/div>\n\t\t\t\t\t<\/div>\n\t\t<\/div>\n\t\t\t\t\t<\/div>\n\t\t<\/section>\n\t\t\t\t<\/div>","protected":false},"excerpt":{"rendered":"<p>The Milan-Cortina Winter Olympics were supposed to be about speed, steel nerves and fractions of a second. Instead, before a single skeleton [&hellip;]<\/p>\n","protected":false},"author":1,"featured_media":2544,"comment_status":"closed","ping_status":"closed","sticky":false,"template":"","format":"standard","meta":{"footnotes":""},"categories":[1],"tags":[1948,1939,1937,1970,1974,1965,1960,1932,1959,1227,1961,1967,1951,1978,1975,1962,1943,1930,1969,1934,1968,1711,1984,1966,1936,1941,1980,1933,1956,1946,1957,1952,1938,1950,1982,1976,1945,1935,1977,1942,1954,1983,1973,1971,1963,1949,1958,1981,1931,1979,1944,1955,1940,1928,1964,1953,1972,111,1929,1947],"class_list":["post-2543","post","type-post","status-publish","format-standard","has-post-thumbnail","hentry","category-visitukraine","tag-athlete-activism-modern-olympics","tag-athlete-freedom-of-expression","tag-cas-appeal-possible","tag-conflict-zone-coordination","tag-cultural-exchange-ukraine","tag-cultural-partnerships-ukraine","tag-cultural-projects-ukraine","tag-dmytro-shepyuk-solidarity-message","tag-documentary-production-ukraine","tag-documentary-travel-ukraine","tag-filming-in-ukraine","tag-frontline-reporting-ukraine","tag-global-sports-ethics-discussion","tag-historical-storytelling-ukraine","tag-international-filmmakers-ukraine","tag-international-media-collaboration","tag-international-reaction-olympics","tag-ioc-athlete-expression-rules","tag-kharkiv-documentary-access","tag-kirsty-coventry-ioc-meeting","tag-kyiv-filming-locations","tag-local-guides-ukraine","tag-media-partnerships-ukraine","tag-media-production-logistics-ukraine","tag-memory-helmet-ukraine","tag-milan-cortina-2026-debate","tag-military-tourism-collaboration","tag-national-olympic-committee-of-ukraine-statement","tag-neutrality-versus-memory","tag-olympic-governance-controversy","tag-olympic-institutional-credibility","tag-olympic-moral-dilemma","tag-olympic-neutrality-principle","tag-political-expression-ban-olympics","tag-post-war-reconstruction-stories","tag-production-support-eastern-europe","tag-remembrance-in-sport","tag-rule-50-olympic-charter-debate","tag-security-coordination-ukraine","tag-sport-and-geopolitics","tag-sports-journalism-analysis","tag-ukraine-cultural-diplomacy","tag-ukraine-documentary-research","tag-ukraine-field-producer","tag-ukraine-fixer-services","tag-ukraine-international-image-sport","tag-ukraine-local-partner","tag-ukraine-production-permits","tag-ukraine-war-and-sport","tag-ukraine-war-context-expertise","tag-ukrainian-athlete-disqualification","tag-ukrainian-heroes-tribute","tag-ukrainian-sports-losses-war","tag-vladyslav-heraskevych","tag-war-documentary-support","tag-war-impact-on-athletes","tag-war-journalism-support","tag-war-tours-ukraine","tag-winter-olympics-2026-controversy","tag-winter-sports-ukraine"],"yoast_head":"<!-- This site is optimized with the Yoast SEO Premium plugin v27.4 (Yoast SEO v27.4) - https:\/\/yoast.com\/product\/yoast-seo-premium-wordpress\/ -->\n<title>When Memory Becomes \u201cPolitical\u201d: The Disqualification of Vladyslav Heraskevych and the Limits of Olympic Neutrality - WarTours Ukraine<\/title>\n<meta name=\"description\" content=\"When Memory Becomes \u201cPolitical\u201d: The Disqualification of Vladyslav Heraskevych and the Limits of Olympic Neutrality\" \/>\n<meta name=\"robots\" content=\"index, follow, max-snippet:-1, max-image-preview:large, max-video-preview:-1\" \/>\n<link rel=\"canonical\" href=\"https:\/\/wartours.in.ua\/nb\/2026\/02\/12\/nar-minnet-blir-politisk-diskvalifikasjonen-av-vladyslav-heraskevych-og-grensene-for-olympisk-noytralitet\/\" \/>\n<meta property=\"og:locale\" content=\"nb_NO\" \/>\n<meta property=\"og:type\" content=\"article\" \/>\n<meta property=\"og:title\" content=\"When Memory Becomes \u201cPolitical\u201d: The Disqualification of Vladyslav Heraskevych and the Limits of Olympic Neutrality\" \/>\n<meta property=\"og:description\" content=\"When Memory Becomes \u201cPolitical\u201d: The Disqualification of Vladyslav Heraskevych and the Limits of Olympic Neutrality\" \/>\n<meta property=\"og:url\" content=\"https:\/\/wartours.in.ua\/nb\/2026\/02\/12\/nar-minnet-blir-politisk-diskvalifikasjonen-av-vladyslav-heraskevych-og-grensene-for-olympisk-noytralitet\/\" \/>\n<meta property=\"og:site_name\" content=\"WarTours Ukraine\" \/>\n<meta property=\"article:published_time\" content=\"2026-02-12T14:26:05+00:00\" \/>\n<meta property=\"article:modified_time\" content=\"2026-02-12T14:35:04+00:00\" \/>\n<meta property=\"og:image\" content=\"https:\/\/wartours.in.ua\/wp-content\/uploads\/2026\/02\/ChatGPT-Image-Feb-12-2026-04_25_30-PM-683x1024.png\" \/>\n\t<meta property=\"og:image:width\" content=\"683\" \/>\n\t<meta property=\"og:image:height\" content=\"1024\" \/>\n\t<meta property=\"og:image:type\" content=\"image\/png\" \/>\n<meta name=\"author\" content=\"uawarTours\" \/>\n<meta name=\"twitter:card\" content=\"summary_large_image\" \/>\n<meta name=\"twitter:label1\" content=\"Skrevet av\" \/>\n\t<meta name=\"twitter:data1\" content=\"uawarTours\" \/>\n\t<meta name=\"twitter:label2\" content=\"Ansl. lesetid\" \/>\n\t<meta name=\"twitter:data2\" content=\"4 minutter\" \/>\n<script type=\"application\/ld+json\" class=\"yoast-schema-graph\">{\"@context\":\"https:\\\/\\\/schema.org\",\"@graph\":[{\"@type\":\"Article\",\"@id\":\"https:\\\/\\\/wartours.in.ua\\\/nb\\\/2026\\\/02\\\/12\\\/when-memory-becomes-political-the-disqualification-of-vladyslav-heraskevych-and-the-limits-of-olympic-neutrality\\\/#article\",\"isPartOf\":{\"@id\":\"https:\\\/\\\/wartours.in.ua\\\/nb\\\/2026\\\/02\\\/12\\\/when-memory-becomes-political-the-disqualification-of-vladyslav-heraskevych-and-the-limits-of-olympic-neutrality\\\/\"},\"author\":{\"name\":\"uawarTours\",\"@id\":\"https:\\\/\\\/wartours.in.ua\\\/nb\\\/#\\\/schema\\\/person\\\/2f330aa72b72a56601fcc0d5d28fdbc1\"},\"headline\":\"When Memory Becomes \u201cPolitical\u201d: The Disqualification of Vladyslav Heraskevych and the Limits of Olympic Neutrality\",\"datePublished\":\"2026-02-12T14:26:05+00:00\",\"dateModified\":\"2026-02-12T14:35:04+00:00\",\"mainEntityOfPage\":{\"@id\":\"https:\\\/\\\/wartours.in.ua\\\/nb\\\/2026\\\/02\\\/12\\\/when-memory-becomes-political-the-disqualification-of-vladyslav-heraskevych-and-the-limits-of-olympic-neutrality\\\/\"},\"wordCount\":847,\"publisher\":{\"@id\":\"https:\\\/\\\/wartours.in.ua\\\/nb\\\/#organization\"},\"image\":{\"@id\":\"https:\\\/\\\/wartours.in.ua\\\/nb\\\/2026\\\/02\\\/12\\\/when-memory-becomes-political-the-disqualification-of-vladyslav-heraskevych-and-the-limits-of-olympic-neutrality\\\/#primaryimage\"},\"thumbnailUrl\":\"https:\\\/\\\/wartours.in.ua\\\/wp-content\\\/uploads\\\/2026\\\/02\\\/ChatGPT-Image-Feb-12-2026-04_25_30-PM.png\",\"keywords\":[\"athlete activism modern Olympics\",\"athlete freedom of expression\",\"CAS appeal possible\",\"conflict zone coordination\",\"cultural exchange Ukraine\",\"cultural partnerships Ukraine\",\"cultural projects Ukraine\",\"Dmytro Shepyuk solidarity message\",\"documentary production Ukraine\",\"documentary travel Ukraine\",\"filming in Ukraine\",\"frontline reporting Ukraine\",\"global sports ethics discussion\",\"historical storytelling Ukraine\",\"international filmmakers Ukraine\",\"international media collaboration\",\"international reaction Olympics\",\"IOC athlete expression rules\",\"Kharkiv documentary access\",\"Kirsty Coventry IOC meeting\",\"Kyiv filming locations\",\"local guides ukraine\",\"media partnerships Ukraine\",\"media production logistics Ukraine\",\"Memory Helmet Ukraine\",\"Milan Cortina 2026 debate\",\"military tourism collaboration\",\"National Olympic Committee of Ukraine statement\",\"neutrality versus memory\",\"Olympic governance controversy\",\"Olympic institutional credibility\",\"Olympic moral dilemma\",\"Olympic neutrality principle\",\"political expression ban Olympics\",\"post-war reconstruction stories\",\"production support Eastern Europe\",\"remembrance in sport\",\"Rule 50 Olympic Charter debate\",\"security coordination Ukraine\",\"sport and geopolitics\",\"sports journalism analysis\",\"Ukraine cultural diplomacy\",\"Ukraine documentary research\",\"Ukraine field producer\",\"Ukraine fixer services\",\"Ukraine international image sport\",\"Ukraine local partner\",\"Ukraine production permits\",\"Ukraine war and sport\",\"Ukraine war context expertise\",\"Ukrainian athlete disqualification\",\"Ukrainian heroes tribute\",\"Ukrainian sports losses war\",\"Vladyslav Heraskevych\",\"war documentary support\",\"war impact on athletes\",\"war journalism support\",\"war tours ukraine\",\"Winter Olympics 2026 controversy\",\"winter sports Ukraine\"],\"articleSection\":[\"Visit Ukraine\"],\"inLanguage\":\"nb-NO\"},{\"@type\":\"WebPage\",\"@id\":\"https:\\\/\\\/wartours.in.ua\\\/nb\\\/2026\\\/02\\\/12\\\/when-memory-becomes-political-the-disqualification-of-vladyslav-heraskevych-and-the-limits-of-olympic-neutrality\\\/\",\"url\":\"https:\\\/\\\/wartours.in.ua\\\/nb\\\/2026\\\/02\\\/12\\\/when-memory-becomes-political-the-disqualification-of-vladyslav-heraskevych-and-the-limits-of-olympic-neutrality\\\/\",\"name\":\"When Memory Becomes \u201cPolitical\u201d: The Disqualification of Vladyslav Heraskevych and the Limits of Olympic Neutrality - WarTours Ukraine\",\"isPartOf\":{\"@id\":\"https:\\\/\\\/wartours.in.ua\\\/nb\\\/#website\"},\"primaryImageOfPage\":{\"@id\":\"https:\\\/\\\/wartours.in.ua\\\/nb\\\/2026\\\/02\\\/12\\\/when-memory-becomes-political-the-disqualification-of-vladyslav-heraskevych-and-the-limits-of-olympic-neutrality\\\/#primaryimage\"},\"image\":{\"@id\":\"https:\\\/\\\/wartours.in.ua\\\/nb\\\/2026\\\/02\\\/12\\\/when-memory-becomes-political-the-disqualification-of-vladyslav-heraskevych-and-the-limits-of-olympic-neutrality\\\/#primaryimage\"},\"thumbnailUrl\":\"https:\\\/\\\/wartours.in.ua\\\/wp-content\\\/uploads\\\/2026\\\/02\\\/ChatGPT-Image-Feb-12-2026-04_25_30-PM.png\",\"datePublished\":\"2026-02-12T14:26:05+00:00\",\"dateModified\":\"2026-02-12T14:35:04+00:00\",\"description\":\"When Memory Becomes \u201cPolitical\u201d: The Disqualification of Vladyslav Heraskevych and the Limits of Olympic Neutrality\",\"breadcrumb\":{\"@id\":\"https:\\\/\\\/wartours.in.ua\\\/nb\\\/2026\\\/02\\\/12\\\/when-memory-becomes-political-the-disqualification-of-vladyslav-heraskevych-and-the-limits-of-olympic-neutrality\\\/#breadcrumb\"},\"inLanguage\":\"nb-NO\",\"potentialAction\":[{\"@type\":\"ReadAction\",\"target\":[\"https:\\\/\\\/wartours.in.ua\\\/nb\\\/2026\\\/02\\\/12\\\/when-memory-becomes-political-the-disqualification-of-vladyslav-heraskevych-and-the-limits-of-olympic-neutrality\\\/\"]}]},{\"@type\":\"ImageObject\",\"inLanguage\":\"nb-NO\",\"@id\":\"https:\\\/\\\/wartours.in.ua\\\/nb\\\/2026\\\/02\\\/12\\\/when-memory-becomes-political-the-disqualification-of-vladyslav-heraskevych-and-the-limits-of-olympic-neutrality\\\/#primaryimage\",\"url\":\"https:\\\/\\\/wartours.in.ua\\\/wp-content\\\/uploads\\\/2026\\\/02\\\/ChatGPT-Image-Feb-12-2026-04_25_30-PM.png\",\"contentUrl\":\"https:\\\/\\\/wartours.in.ua\\\/wp-content\\\/uploads\\\/2026\\\/02\\\/ChatGPT-Image-Feb-12-2026-04_25_30-PM.png\",\"width\":1024,\"height\":1536},{\"@type\":\"BreadcrumbList\",\"@id\":\"https:\\\/\\\/wartours.in.ua\\\/nb\\\/2026\\\/02\\\/12\\\/when-memory-becomes-political-the-disqualification-of-vladyslav-heraskevych-and-the-limits-of-olympic-neutrality\\\/#breadcrumb\",\"itemListElement\":[{\"@type\":\"ListItem\",\"position\":1,\"name\":\"\u0413\u043e\u043b\u043e\u0432\u043d\u0430\",\"item\":\"https:\\\/\\\/wartours.in.ua\\\/\"},{\"@type\":\"ListItem\",\"position\":2,\"name\":\"When Memory Becomes \u201cPolitical\u201d: The Disqualification of Vladyslav Heraskevych and the Limits of Olympic Neutrality\"}]},{\"@type\":\"WebSite\",\"@id\":\"https:\\\/\\\/wartours.in.ua\\\/nb\\\/#website\",\"url\":\"https:\\\/\\\/wartours.in.ua\\\/nb\\\/\",\"name\":\"WarTours Ukraine\",\"description\":\"Military tourism. Evidence of russian aggression with your own eyes\",\"publisher\":{\"@id\":\"https:\\\/\\\/wartours.in.ua\\\/nb\\\/#organization\"},\"alternateName\":\"Military Tours in Ukraine\",\"potentialAction\":[{\"@type\":\"SearchAction\",\"target\":{\"@type\":\"EntryPoint\",\"urlTemplate\":\"https:\\\/\\\/wartours.in.ua\\\/nb\\\/?s={search_term_string}\"},\"query-input\":{\"@type\":\"PropertyValueSpecification\",\"valueRequired\":true,\"valueName\":\"search_term_string\"}}],\"inLanguage\":\"nb-NO\"},{\"@type\":\"Organization\",\"@id\":\"https:\\\/\\\/wartours.in.ua\\\/nb\\\/#organization\",\"name\":\"WarTours Ukraine\",\"alternateName\":\"MilitaryTours in Ukraine\",\"url\":\"https:\\\/\\\/wartours.in.ua\\\/nb\\\/\",\"logo\":{\"@type\":\"ImageObject\",\"inLanguage\":\"nb-NO\",\"@id\":\"https:\\\/\\\/wartours.in.ua\\\/nb\\\/#\\\/schema\\\/logo\\\/image\\\/\",\"url\":\"https:\\\/\\\/wartours.in.ua\\\/wp-content\\\/uploads\\\/2023\\\/01\\\/logo-04.png\",\"contentUrl\":\"https:\\\/\\\/wartours.in.ua\\\/wp-content\\\/uploads\\\/2023\\\/01\\\/logo-04.png\",\"width\":418,\"height\":129,\"caption\":\"WarTours Ukraine\"},\"image\":{\"@id\":\"https:\\\/\\\/wartours.in.ua\\\/nb\\\/#\\\/schema\\\/logo\\\/image\\\/\"},\"sameAs\":[\"https:\\\/\\\/www.instagram.com\\\/wartours_in_ua\\\/\",\"https:\\\/\\\/www.linkedin.com\\\/company\\\/113094334\\\/admin\\\/dashboard\\\/\"]},{\"@type\":\"Person\",\"@id\":\"https:\\\/\\\/wartours.in.ua\\\/nb\\\/#\\\/schema\\\/person\\\/2f330aa72b72a56601fcc0d5d28fdbc1\",\"name\":\"uawarTours\",\"image\":{\"@type\":\"ImageObject\",\"inLanguage\":\"nb-NO\",\"@id\":\"https:\\\/\\\/secure.gravatar.com\\\/avatar\\\/8d241296dc1b68e540b084de0201701931c22bde5ce47af723f6de7c8e224db5?s=96&d=mm&r=g\",\"url\":\"https:\\\/\\\/secure.gravatar.com\\\/avatar\\\/8d241296dc1b68e540b084de0201701931c22bde5ce47af723f6de7c8e224db5?s=96&d=mm&r=g\",\"contentUrl\":\"https:\\\/\\\/secure.gravatar.com\\\/avatar\\\/8d241296dc1b68e540b084de0201701931c22bde5ce47af723f6de7c8e224db5?s=96&d=mm&r=g\",\"caption\":\"uawarTours\"},\"sameAs\":[\"https:\\\/\\\/wartours.in.ua\"],\"url\":\"https:\\\/\\\/wartours.in.ua\\\/nb\\\/author\\\/uawartours\\\/\"}]}<\/script>\n<!-- \/ Yoast SEO Premium plugin. -->","yoast_head_json":{"title":"N\u00e5r minnet blir \u201cpolitisk\u201d: Diskvalifikasjonen av Vladyslav Heraskevych og grensene for olympisk n\u00f8ytralitet - WarTours Ukraina","description":"N\u00e5r minnet blir \u201cpolitisk\u201d: Diskvalifikasjonen av Vladyslav Heraskevych og grensene for olympisk n\u00f8ytralitet","robots":{"index":"index","follow":"follow","max-snippet":"max-snippet:-1","max-image-preview":"max-image-preview:large","max-video-preview":"max-video-preview:-1"},"canonical":"https:\/\/wartours.in.ua\/nb\/2026\/02\/12\/nar-minnet-blir-politisk-diskvalifikasjonen-av-vladyslav-heraskevych-og-grensene-for-olympisk-noytralitet\/","og_locale":"nb_NO","og_type":"article","og_title":"When Memory Becomes \u201cPolitical\u201d: The Disqualification of Vladyslav Heraskevych and the Limits of Olympic Neutrality","og_description":"When Memory Becomes \u201cPolitical\u201d: The Disqualification of Vladyslav Heraskevych and the Limits of Olympic Neutrality","og_url":"https:\/\/wartours.in.ua\/nb\/2026\/02\/12\/nar-minnet-blir-politisk-diskvalifikasjonen-av-vladyslav-heraskevych-og-grensene-for-olympisk-noytralitet\/","og_site_name":"WarTours Ukraine","article_published_time":"2026-02-12T14:26:05+00:00","article_modified_time":"2026-02-12T14:35:04+00:00","og_image":[{"width":683,"height":1024,"url":"https:\/\/wartours.in.ua\/wp-content\/uploads\/2026\/02\/ChatGPT-Image-Feb-12-2026-04_25_30-PM-683x1024.png","type":"image\/png"}],"author":"uawarTours","twitter_card":"summary_large_image","twitter_misc":{"Skrevet av":"uawarTours","Ansl. lesetid":"4 minutter"},"schema":{"@context":"https:\/\/schema.org","@graph":[{"@type":"Article","@id":"https:\/\/wartours.in.ua\/nb\/2026\/02\/12\/when-memory-becomes-political-the-disqualification-of-vladyslav-heraskevych-and-the-limits-of-olympic-neutrality\/#article","isPartOf":{"@id":"https:\/\/wartours.in.ua\/nb\/2026\/02\/12\/when-memory-becomes-political-the-disqualification-of-vladyslav-heraskevych-and-the-limits-of-olympic-neutrality\/"},"author":{"name":"uawarTours","@id":"https:\/\/wartours.in.ua\/nb\/#\/schema\/person\/2f330aa72b72a56601fcc0d5d28fdbc1"},"headline":"When Memory Becomes \u201cPolitical\u201d: The Disqualification of Vladyslav Heraskevych and the Limits of Olympic Neutrality","datePublished":"2026-02-12T14:26:05+00:00","dateModified":"2026-02-12T14:35:04+00:00","mainEntityOfPage":{"@id":"https:\/\/wartours.in.ua\/nb\/2026\/02\/12\/when-memory-becomes-political-the-disqualification-of-vladyslav-heraskevych-and-the-limits-of-olympic-neutrality\/"},"wordCount":847,"publisher":{"@id":"https:\/\/wartours.in.ua\/nb\/#organization"},"image":{"@id":"https:\/\/wartours.in.ua\/nb\/2026\/02\/12\/when-memory-becomes-political-the-disqualification-of-vladyslav-heraskevych-and-the-limits-of-olympic-neutrality\/#primaryimage"},"thumbnailUrl":"https:\/\/wartours.in.ua\/wp-content\/uploads\/2026\/02\/ChatGPT-Image-Feb-12-2026-04_25_30-PM.png","keywords":["athlete activism modern Olympics","athlete freedom of expression","CAS appeal possible","conflict zone coordination","cultural exchange Ukraine","cultural partnerships Ukraine","cultural projects Ukraine","Dmytro Shepyuk solidarity message","documentary production Ukraine","documentary travel Ukraine","filming in Ukraine","frontline reporting Ukraine","global sports ethics discussion","historical storytelling Ukraine","international filmmakers Ukraine","international media collaboration","international reaction Olympics","IOC athlete expression rules","Kharkiv documentary access","Kirsty Coventry IOC meeting","Kyiv filming locations","local guides ukraine","media partnerships Ukraine","media production logistics Ukraine","Memory Helmet Ukraine","Milan Cortina 2026 debate","military tourism collaboration","National Olympic Committee of Ukraine statement","neutrality versus memory","Olympic governance controversy","Olympic institutional credibility","Olympic moral dilemma","Olympic neutrality principle","political expression ban Olympics","post-war reconstruction stories","production support Eastern Europe","remembrance in sport","Rule 50 Olympic Charter debate","security coordination Ukraine","sport and geopolitics","sports journalism analysis","Ukraine cultural diplomacy","Ukraine documentary research","Ukraine field producer","Ukraine fixer services","Ukraine international image sport","Ukraine local partner","Ukraine production permits","Ukraine war and sport","Ukraine war context expertise","Ukrainian athlete disqualification","Ukrainian heroes tribute","Ukrainian sports losses war","Vladyslav Heraskevych","war documentary support","war impact on athletes","war journalism support","war tours ukraine","Winter Olympics 2026 controversy","winter sports Ukraine"],"articleSection":["Visit Ukraine"],"inLanguage":"nb-NO"},{"@type":"WebPage","@id":"https:\/\/wartours.in.ua\/nb\/2026\/02\/12\/when-memory-becomes-political-the-disqualification-of-vladyslav-heraskevych-and-the-limits-of-olympic-neutrality\/","url":"https:\/\/wartours.in.ua\/nb\/2026\/02\/12\/when-memory-becomes-political-the-disqualification-of-vladyslav-heraskevych-and-the-limits-of-olympic-neutrality\/","name":"N\u00e5r minnet blir \u201cpolitisk\u201d: Diskvalifikasjonen av Vladyslav Heraskevych og grensene for olympisk n\u00f8ytralitet - WarTours Ukraina","isPartOf":{"@id":"https:\/\/wartours.in.ua\/nb\/#website"},"primaryImageOfPage":{"@id":"https:\/\/wartours.in.ua\/nb\/2026\/02\/12\/when-memory-becomes-political-the-disqualification-of-vladyslav-heraskevych-and-the-limits-of-olympic-neutrality\/#primaryimage"},"image":{"@id":"https:\/\/wartours.in.ua\/nb\/2026\/02\/12\/when-memory-becomes-political-the-disqualification-of-vladyslav-heraskevych-and-the-limits-of-olympic-neutrality\/#primaryimage"},"thumbnailUrl":"https:\/\/wartours.in.ua\/wp-content\/uploads\/2026\/02\/ChatGPT-Image-Feb-12-2026-04_25_30-PM.png","datePublished":"2026-02-12T14:26:05+00:00","dateModified":"2026-02-12T14:35:04+00:00","description":"N\u00e5r minnet blir \u201cpolitisk\u201d: Diskvalifikasjonen av Vladyslav Heraskevych og grensene for olympisk n\u00f8ytralitet","breadcrumb":{"@id":"https:\/\/wartours.in.ua\/nb\/2026\/02\/12\/when-memory-becomes-political-the-disqualification-of-vladyslav-heraskevych-and-the-limits-of-olympic-neutrality\/#breadcrumb"},"inLanguage":"nb-NO","potentialAction":[{"@type":"ReadAction","target":["https:\/\/wartours.in.ua\/nb\/2026\/02\/12\/when-memory-becomes-political-the-disqualification-of-vladyslav-heraskevych-and-the-limits-of-olympic-neutrality\/"]}]},{"@type":"ImageObject","inLanguage":"nb-NO","@id":"https:\/\/wartours.in.ua\/nb\/2026\/02\/12\/when-memory-becomes-political-the-disqualification-of-vladyslav-heraskevych-and-the-limits-of-olympic-neutrality\/#primaryimage","url":"https:\/\/wartours.in.ua\/wp-content\/uploads\/2026\/02\/ChatGPT-Image-Feb-12-2026-04_25_30-PM.png","contentUrl":"https:\/\/wartours.in.ua\/wp-content\/uploads\/2026\/02\/ChatGPT-Image-Feb-12-2026-04_25_30-PM.png","width":1024,"height":1536},{"@type":"BreadcrumbList","@id":"https:\/\/wartours.in.ua\/nb\/2026\/02\/12\/when-memory-becomes-political-the-disqualification-of-vladyslav-heraskevych-and-the-limits-of-olympic-neutrality\/#breadcrumb","itemListElement":[{"@type":"ListItem","position":1,"name":"\u0413\u043e\u043b\u043e\u0432\u043d\u0430","item":"https:\/\/wartours.in.ua\/"},{"@type":"ListItem","position":2,"name":"When Memory Becomes \u201cPolitical\u201d: The Disqualification of Vladyslav Heraskevych and the Limits of Olympic Neutrality"}]},{"@type":"WebSite","@id":"https:\/\/wartours.in.ua\/nb\/#website","url":"https:\/\/wartours.in.ua\/nb\/","name":"WarTours Ukraina","description":"Milit\u00e6r turisme. Bevis p\u00e5 russisk aggresjon med egne \u00f8yne","publisher":{"@id":"https:\/\/wartours.in.ua\/nb\/#organization"},"alternateName":"Military Tours in Ukraine","potentialAction":[{"@type":"SearchAction","target":{"@type":"EntryPoint","urlTemplate":"https:\/\/wartours.in.ua\/nb\/?s={search_term_string}"},"query-input":{"@type":"PropertyValueSpecification","valueRequired":true,"valueName":"search_term_string"}}],"inLanguage":"nb-NO"},{"@type":"Organization","@id":"https:\/\/wartours.in.ua\/nb\/#organization","name":"WarTours Ukraina","alternateName":"MilitaryTours in Ukraine","url":"https:\/\/wartours.in.ua\/nb\/","logo":{"@type":"ImageObject","inLanguage":"nb-NO","@id":"https:\/\/wartours.in.ua\/nb\/#\/schema\/logo\/image\/","url":"https:\/\/wartours.in.ua\/wp-content\/uploads\/2023\/01\/logo-04.png","contentUrl":"https:\/\/wartours.in.ua\/wp-content\/uploads\/2023\/01\/logo-04.png","width":418,"height":129,"caption":"WarTours Ukraine"},"image":{"@id":"https:\/\/wartours.in.ua\/nb\/#\/schema\/logo\/image\/"},"sameAs":["https:\/\/www.instagram.com\/wartours_in_ua\/","https:\/\/www.linkedin.com\/company\/113094334\/admin\/dashboard\/"]},{"@type":"Person","@id":"https:\/\/wartours.in.ua\/nb\/#\/schema\/person\/2f330aa72b72a56601fcc0d5d28fdbc1","name":"uawarTours","image":{"@type":"ImageObject","inLanguage":"nb-NO","@id":"https:\/\/secure.gravatar.com\/avatar\/8d241296dc1b68e540b084de0201701931c22bde5ce47af723f6de7c8e224db5?s=96&d=mm&r=g","url":"https:\/\/secure.gravatar.com\/avatar\/8d241296dc1b68e540b084de0201701931c22bde5ce47af723f6de7c8e224db5?s=96&d=mm&r=g","contentUrl":"https:\/\/secure.gravatar.com\/avatar\/8d241296dc1b68e540b084de0201701931c22bde5ce47af723f6de7c8e224db5?s=96&d=mm&r=g","caption":"uawarTours"},"sameAs":["https:\/\/wartours.in.ua"],"url":"https:\/\/wartours.in.ua\/nb\/author\/uawartours\/"}]}},"_links":{"self":[{"href":"https:\/\/wartours.in.ua\/nb\/wp-json\/wp\/v2\/posts\/2543","targetHints":{"allow":["GET"]}}],"collection":[{"href":"https:\/\/wartours.in.ua\/nb\/wp-json\/wp\/v2\/posts"}],"about":[{"href":"https:\/\/wartours.in.ua\/nb\/wp-json\/wp\/v2\/types\/post"}],"author":[{"embeddable":true,"href":"https:\/\/wartours.in.ua\/nb\/wp-json\/wp\/v2\/users\/1"}],"replies":[{"embeddable":true,"href":"https:\/\/wartours.in.ua\/nb\/wp-json\/wp\/v2\/comments?post=2543"}],"version-history":[{"count":0,"href":"https:\/\/wartours.in.ua\/nb\/wp-json\/wp\/v2\/posts\/2543\/revisions"}],"wp:featuredmedia":[{"embeddable":true,"href":"https:\/\/wartours.in.ua\/nb\/wp-json\/wp\/v2\/media\/2544"}],"wp:attachment":[{"href":"https:\/\/wartours.in.ua\/nb\/wp-json\/wp\/v2\/media?parent=2543"}],"wp:term":[{"taxonomy":"category","embeddable":true,"href":"https:\/\/wartours.in.ua\/nb\/wp-json\/wp\/v2\/categories?post=2543"},{"taxonomy":"post_tag","embeddable":true,"href":"https:\/\/wartours.in.ua\/nb\/wp-json\/wp\/v2\/tags?post=2543"}],"curies":[{"name":"wp","href":"https:\/\/api.w.org\/{rel}","templated":true}]}}