{"id":2156,"date":"2025-11-07T13:10:26","date_gmt":"2025-11-07T13:10:26","guid":{"rendered":"https:\/\/wartours.in.ua\/?p=2156"},"modified":"2025-11-08T15:31:38","modified_gmt":"2025-11-08T15:31:38","slug":"ber-ttelser-om-motst-ndskraft-fr-n-ukrainare-som-stannade-kvar","status":"publish","type":"post","link":"https:\/\/wartours.in.ua\/sv\/2025\/11\/07\/stories-of-resilience-from-ukrainians-who-stayed\/","title":{"rendered":"Ber\u00e4ttelser om motst\u00e5ndskraft fr\u00e5n ukrainare som stannade kvar"},"content":{"rendered":"<div data-elementor-type=\"wp-post\" data-elementor-id=\"2156\" class=\"elementor elementor-2156\" data-elementor-settings=\"{&quot;element_pack_global_tooltip_width&quot;:{&quot;unit&quot;:&quot;px&quot;,&quot;size&quot;:&quot;&quot;,&quot;sizes&quot;:[]},&quot;element_pack_global_tooltip_width_tablet&quot;:{&quot;unit&quot;:&quot;px&quot;,&quot;size&quot;:&quot;&quot;,&quot;sizes&quot;:[]},&quot;element_pack_global_tooltip_width_mobile&quot;:{&quot;unit&quot;:&quot;px&quot;,&quot;size&quot;:&quot;&quot;,&quot;sizes&quot;:[]},&quot;element_pack_global_tooltip_padding&quot;:{&quot;unit&quot;:&quot;px&quot;,&quot;top&quot;:&quot;&quot;,&quot;right&quot;:&quot;&quot;,&quot;bottom&quot;:&quot;&quot;,&quot;left&quot;:&quot;&quot;,&quot;isLinked&quot;:true},&quot;element_pack_global_tooltip_padding_tablet&quot;:{&quot;unit&quot;:&quot;px&quot;,&quot;top&quot;:&quot;&quot;,&quot;right&quot;:&quot;&quot;,&quot;bottom&quot;:&quot;&quot;,&quot;left&quot;:&quot;&quot;,&quot;isLinked&quot;:true},&quot;element_pack_global_tooltip_padding_mobile&quot;:{&quot;unit&quot;:&quot;px&quot;,&quot;top&quot;:&quot;&quot;,&quot;right&quot;:&quot;&quot;,&quot;bottom&quot;:&quot;&quot;,&quot;left&quot;:&quot;&quot;,&quot;isLinked&quot;:true},&quot;element_pack_global_tooltip_border_radius&quot;:{&quot;unit&quot;:&quot;px&quot;,&quot;top&quot;:&quot;&quot;,&quot;right&quot;:&quot;&quot;,&quot;bottom&quot;:&quot;&quot;,&quot;left&quot;:&quot;&quot;,&quot;isLinked&quot;:true},&quot;element_pack_global_tooltip_border_radius_tablet&quot;:{&quot;unit&quot;:&quot;px&quot;,&quot;top&quot;:&quot;&quot;,&quot;right&quot;:&quot;&quot;,&quot;bottom&quot;:&quot;&quot;,&quot;left&quot;:&quot;&quot;,&quot;isLinked&quot;:true},&quot;element_pack_global_tooltip_border_radius_mobile&quot;:{&quot;unit&quot;:&quot;px&quot;,&quot;top&quot;:&quot;&quot;,&quot;right&quot;:&quot;&quot;,&quot;bottom&quot;:&quot;&quot;,&quot;left&quot;:&quot;&quot;,&quot;isLinked&quot;:true}}\" data-elementor-post-type=\"post\">\n\t\t\t\t\t\t<section class=\"elementor-section elementor-top-section elementor-element elementor-element-1be6405a elementor-section-boxed elementor-section-height-default elementor-section-height-default\" data-id=\"1be6405a\" data-element_type=\"section\" data-e-type=\"section\">\n\t\t\t\t\t\t<div class=\"elementor-container elementor-column-gap-default\">\n\t\t\t\t\t<div class=\"elementor-column elementor-col-100 elementor-top-column elementor-element elementor-element-3c8b15eb\" data-id=\"3c8b15eb\" data-element_type=\"column\" data-e-type=\"column\">\n\t\t\t<div class=\"elementor-widget-wrap elementor-element-populated\">\n\t\t\t\t\t\t<div class=\"elementor-element elementor-element-751b468b elementor-widget elementor-widget-text-editor\" data-id=\"751b468b\" data-element_type=\"widget\" data-e-type=\"widget\" data-widget_type=\"text-editor.default\">\n\t\t\t\t<div class=\"elementor-widget-container\">\n\t\t\t\t\t\t\t\t\t<p data-start=\"434\" data-end=\"736\">Den h\u00e4r artikeln delar m\u00e4nniskocentrerade \u00f6gonblicksbilder fr\u00e5n 2026 \u2013 \u00f6gonblick av dagligt mod, kulturell kontinuitet och omsorg om samh\u00e4llet.<br data-start=\"555\" data-end=\"558\" \/>Skapad f\u00f6r <strong data-start=\"570\" data-end=\"591\">Krigsresor Ukraina<\/strong>, den inbjuder bes\u00f6kare att engagera sig i minnen och plats genom en respektfull och l\u00e4rorik resa som hedrar m\u00e4nniskor som har h\u00e5llit livet ig\u00e5ng hemma.<\/p><hr data-start=\"738\" data-end=\"741\" \/><h2 data-start=\"743\" data-end=\"797\">\ud83d\udd6f\ufe0f Att leva igenom 2026: Vardagsmod hemma<\/h2><p data-start=\"799\" data-end=\"1071\">P\u00e5 ett litet bageri som \u00f6ppnar f\u00f6re gryningen st\u00e4mplas de f\u00f6rsta br\u00f6den med sm\u00e5 solsymboler \u2013 ett folkmotiv som \u00e4r t\u00e4nkt att ge v\u00e4rme \u00e5t dagen.<br data-start=\"942\" data-end=\"945\" \/>Kunderna anl\u00e4nder med \u00e5teranv\u00e4ndbara p\u00e5sar och v\u00e4nliga h\u00e4lsningar, och utbyter recept och ber\u00e4ttelser som arvegods.<br data-start=\"1049\" data-end=\"1052\" \/>\u00c4garen ler:<\/p><blockquote data-start=\"1072\" data-end=\"1168\"><p data-start=\"1074\" data-end=\"1168\">\u201c&quot;Br\u00f6d \u00e4r ett brev&quot;, s\u00e4ger hon. &quot;Beviset kom den morgonen \u2013 och n\u00e5gon stannade kvar f\u00f6r att m\u00f6ta det.&quot;\u201d<\/p><\/blockquote><p data-start=\"1170\" data-end=\"1512\">\u00d6ver hela Kiev, Charkiv och Lviv utspelar sig s\u00e5dana scener dagligen.<br data-start=\"1227\" data-end=\"1230\" \/><strong data-start=\"1230\" data-end=\"1328\"><a class=\"decorated-link cursor-pointer\" target=\"_new\" rel=\"noopener\" data-start=\"1232\" data-end=\"1326\">Zhyva Bageri i Lviv<\/a><\/strong> \u00f6ppnade igen i slutet av 2025 som ett kooperativt bageri som st\u00f6der f\u00f6rdrivna familjer och lokala l\u00e4rlingar.<br data-start=\"1427\" data-end=\"1430\" \/>Deras uppdrag blandar mat med kontinuitet \u2013 br\u00f6d och tillh\u00f6righet v\u00e4xer fram tillsammans.<\/p><p data-start=\"1514\" data-end=\"2064\">I ett offentligt bibliotek har barnh\u00f6rnan blivit ett andra vardagsrum. Bibliotekarier leder sagostunder som v\u00e4ver folksagor med mild mindfulness, och ton\u00e5ringar driver ett &quot;reparationscaf\u00e9&quot; d\u00e4r de lagar h\u00f6rlurar och cyklar.<br data-start=\"1722\" data-end=\"1725\" \/>Affischer p\u00e5 v\u00e4ggen visar v\u00e4xter fr\u00e5n den gemensamma tr\u00e4dg\u00e5rden \u2013 ringblomma, mynta och solrosor \u2013 var och en en symbol f\u00f6r omsorg.<br data-start=\"1850\" data-end=\"1853\" \/>I Kharkivs <strong data-start=\"1866\" data-end=\"1994\"><a class=\"decorated-link cursor-pointer\" target=\"_new\" rel=\"noopener\" data-start=\"1868\" data-end=\"1992\">Bokskyddsprojektet<\/a><\/strong>, bibliotek har verkligen blivit trygga nav f\u00f6r l\u00e4sning och \u00e5teruppbyggnad.<\/p><p data-start=\"2066\" data-end=\"2506\">\u00c4ven kulturarvet h\u00e5lls vid liv i sm\u00e5 cirklar. Broderigrupper tr\u00e4ffas varje vecka f\u00f6r att brodera vyshyvanka-m\u00f6nster med nya symboler \u2013 varje motiv markerar ett genomlevt \u00e5r.<br data-start=\"2232\" data-end=\"2235\" \/>En museiguide \u00f6var polyfoniska s\u00e5nger med sin k\u00f6r och uppr\u00e4tth\u00e5ller en ritual som leder andningen till harmoni.<br data-start=\"2342\" data-end=\"2345\" \/>En snickare h\u00e5ller workshops p\u00e5 l\u00f6rdag f\u00f6r att restaurera f\u00f6nsterkarmar i tr\u00e4 och l\u00e4r ut snickeri som omsorgens spr\u00e5k: <em data-start=\"2455\" data-end=\"2506\">Bit till bit, hus till gata, person till plats.<\/em><\/p><hr data-start=\"2508\" data-end=\"2511\" \/><h2 data-start=\"2513\" data-end=\"2567\">\ud83c\udfe1 V\u00e4lkomnar bes\u00f6kare: Minnesvandringar ledda av lokalbefolkningen<\/h2><p data-start=\"2569\" data-end=\"2827\"><strong data-start=\"2569\" data-end=\"2590\">Krigsresor Ukraina<\/strong> st\u00f6der \u201cminnesvandringar\u201d som utarbetats av inv\u00e5nare \u2013 rutter som r\u00f6r sig i m\u00e4nsklig takt och som f\u00f6rbinder v\u00e4ggm\u00e5lningar, enkla minnesm\u00e4rken, verkst\u00e4der och k\u00f6k d\u00e4r te alltid finns redo.<br data-start=\"2756\" data-end=\"2759\" \/>Dessa promenader \u00e4r inte sk\u00e5despel; de \u00e4r inbjudningar till ett sammanhang.<\/p><p data-start=\"2829\" data-end=\"3236\">En guide kan stanna till under en vinranka p\u00e5 en g\u00e5rdsplan, peka p\u00e5 en kaklad entr\u00e9 som restaurerats av grannar och sedan visa en v\u00e4ggm\u00e5lning m\u00e5lad av konststudenter f\u00f6r att hedra v\u00e5rdgivare.<br data-start=\"2994\" data-end=\"2997\" \/>S\u00e5dana erfarenheter speglar Kievs <strong data-start=\"3028\" data-end=\"3150\"><a class=\"decorated-link cursor-pointer\" target=\"_new\" rel=\"noopener\" data-start=\"3030\" data-end=\"3148\">\u201cInitiativet &quot;Minne och omsorgsvandring&quot;<\/a><\/strong> \u2014 lanserades 2025 f\u00f6r att kartl\u00e4gga v\u00e4ggm\u00e5lningar till\u00e4gnade samh\u00e4llens motst\u00e5ndskraft och stadsf\u00f6rnyelse.<\/p><p data-start=\"3238\" data-end=\"3481\">Lokala v\u00e4rdar s\u00e4tter tonen:<br data-start=\"3263\" data-end=\"3266\" \/>de f\u00f6rtydligar n\u00e4r fotografering \u00e4r v\u00e4lkommen, n\u00e4r den inte \u00e4r det, och varf\u00f6r.<br data-start=\"3332\" data-end=\"3335\" \/>De ber resen\u00e4rer att lyssna innan de talar, att s\u00e4nka r\u00f6sterna i heliga utrymmen och att dela rum med dem vars vardagsliv forts\u00e4tter h\u00e4r.<\/p><p data-start=\"3483\" data-end=\"3738\">Ibland inkluderar rutten en tyst paus \u2013 en b\u00e4nk under lindar, en flodstrand eller en stund av stillhet f\u00f6r att l\u00e5ta ber\u00e4ttelsen lugna ner sig innan man g\u00e5r vidare.<br data-start=\"3635\" data-end=\"3638\" \/>Dessa pauser spelar roll; de \u00e4r en del av reserytmen som l\u00e4r ut n\u00e4rvaro snarare \u00e4n sk\u00e5despel.<\/p><hr data-start=\"3740\" data-end=\"3743\" \/><h2 data-start=\"3745\" data-end=\"3788\">\ud83c\udf3f St\u00f6dja samh\u00e4llen med respekt<\/h2><p data-start=\"3790\" data-end=\"4109\">Bes\u00f6kare kan bidra p\u00e5 ett omt\u00e4nksamt s\u00e4tt \u2013 genom att k\u00f6pa br\u00f6d fr\u00e5n familjebagerier, delta i workshops i folkkonst, donera till bibliotek eller sm\u00e5 museer, eller best\u00e4lla verk fr\u00e5n hantverkare som l\u00e4r ut deras hantverk.<br data-start=\"3995\" data-end=\"3998\" \/>Guiderna erbjuder praktiska r\u00e5d om tillg\u00e4nglighet och energiniv\u00e5er, vilket s\u00e4kerst\u00e4ller att alla deltar bekv\u00e4mt.<\/p><p data-start=\"4111\" data-end=\"4238\">Vid resans slut inser resen\u00e4rerna vad en bra resa verkligen inneb\u00e4r:<br data-start=\"4176\" data-end=\"4179\" \/>det f\u00f6r\u00e4ndrar bes\u00f6karen \u2013 och l\u00e4mnar gemenskapen intakt.<\/p><p data-start=\"4240\" data-end=\"4276\"><strong data-start=\"4240\" data-end=\"4274\">Nyligen samh\u00e4llsledda projekt:<\/strong><\/p><ul data-start=\"4277\" data-end=\"4882\"><li data-start=\"4277\" data-end=\"4469\"><p data-start=\"4279\" data-end=\"4469\">De <strong data-start=\"4283\" data-end=\"4412\"><a class=\"decorated-link cursor-pointer\" target=\"_new\" rel=\"noopener\" data-start=\"4285\" data-end=\"4410\">Urban Weaving Collective i Charkiv<\/a><\/strong> undervisar i textilreparation och ber\u00e4ttande genom tyg.<\/p><\/li><li data-start=\"4470\" data-end=\"4684\"><p data-start=\"4472\" data-end=\"4684\"><strong data-start=\"4472\" data-end=\"4593\"><a class=\"decorated-link cursor-pointer\" target=\"_new\" rel=\"noopener\" data-start=\"4474\" data-end=\"4591\">Izium minnestr\u00e4dg\u00e5rd<\/a><\/strong>, som \u00f6ppnade 2025, v\u00e4lkomnar bes\u00f6kare som hj\u00e4lper till att plantera nya tr\u00e4d till minne av de som g\u00e5tt bort.<\/p><\/li><li data-start=\"4685\" data-end=\"4882\"><p data-start=\"4687\" data-end=\"4882\">Kievs <strong data-start=\"4694\" data-end=\"4760\"><a class=\"decorated-link cursor-pointer\" target=\"_new\" rel=\"noopener\" data-start=\"4696\" data-end=\"4758\">Museum f\u00f6r civilkurage<\/a><\/strong>, invigd i slutet av 2025, dokumenterar lokala volont\u00e4rinsatser och inbjuder till visningar i sm\u00e5 grupper ledda av intendenter och vittnen.<\/p><\/li><\/ul><hr data-start=\"4884\" data-end=\"4887\" \/><h2 data-start=\"4889\" data-end=\"4948\">\ud83d\udd4a\ufe0f Ansvarsfullt resande: Att se vardagen som mod<\/h2><p data-start=\"4950\" data-end=\"5063\">Ansvarsfullt resande i Ukraina \u2013 s\u00e4rskilt \u00e5r 2026 \u2013 inneb\u00e4r att l\u00e4ra sig att se vardagen som ett bevis p\u00e5 mod:<\/p><ul data-start=\"5064\" data-end=\"5151\"><li data-start=\"5064\" data-end=\"5088\"><p data-start=\"5066\" data-end=\"5088\">br\u00f6d bakat i gryningen,<\/p><\/li><li data-start=\"5089\" data-end=\"5114\"><p data-start=\"5091\" data-end=\"5114\">s\u00e5nger h\u00e5llna i andan,<\/p><\/li><li data-start=\"5115\" data-end=\"5151\"><p data-start=\"5117\" data-end=\"5151\">d\u00f6rr\u00f6ppningar restaurerade av m\u00e5nga h\u00e4nder.<\/p><\/li><\/ul><p data-start=\"5153\" data-end=\"5346\">De m\u00e4nniskor som stannade kvar har h\u00e5llit kulturen fram\u00e5t i tysthet och orubblighet.<br data-start=\"5232\" data-end=\"5235\" \/>Deras ber\u00e4ttelser p\u00e5minner oss om att motst\u00e5ndskraft inte \u00e4r en prestation \u2013 det \u00e4r ett vardagsliv, levt med grace och mening.<\/p><p data-start=\"5348\" data-end=\"5511\"><strong data-start=\"5348\" data-end=\"5369\">Krigsresor Ukraina<\/strong> inbjuder bes\u00f6kare att g\u00e5 bredvid dem, m\u00f6ta lokalbefolkningen d\u00e4r de \u00e4r, lyssna med \u00f6dmjukhet och f\u00f6ra deras ber\u00e4ttelser vidare med omsorg.<\/p>\t\t\t\t\t\t\t\t<\/div>\n\t\t\t\t<\/div>\n\t\t\t\t\t<\/div>\n\t\t<\/div>\n\t\t\t\t\t<\/div>\n\t\t<\/section>\n\t\t\t\t<\/div>","protected":false},"excerpt":{"rendered":"<p>Minneresor och hemresor: Ukrainare som stannade kvar<\/p>","protected":false},"author":1,"featured_media":2174,"comment_status":"closed","ping_status":"closed","sticky":false,"template":"","format":"standard","meta":{"footnotes":""},"categories":[1],"tags":[1483,1485,1486,340,1481,1480,1484,1482,168,1460,1468,193,774,345,111],"class_list":["post-2156","post","type-post","status-publish","format-standard","has-post-thumbnail","hentry","category-visitukraine","tag-community-travel","tag-cultural-continuity","tag-everyday-ukraine","tag-human-stories","tag-izium-memorial-garden","tag-kyiv-murals","tag-local-guides","tag-museum-of-civil-courage","tag-resilience","tag-responsible-travel","tag-ukraine-2026","tag-ukrainian-culture","tag-volunteer-tourism","tag-war-tourism","tag-war-tours-ukraine"],"yoast_head":"<!-- This site is optimized with the Yoast SEO Premium plugin v27.4 (Yoast SEO v27.4) - https:\/\/yoast.com\/product\/yoast-seo-premium-wordpress\/ -->\n<title>Stories of resilience from Ukrainians who stayed - WarTours Ukraine<\/title>\n<meta name=\"robots\" content=\"index, follow, max-snippet:-1, max-image-preview:large, max-video-preview:-1\" \/>\n<link rel=\"canonical\" href=\"https:\/\/wartours.in.ua\/sv\/2025\/11\/07\/ber-ttelser-om-motst-ndskraft-fr-n-ukrainare-som-stannade-kvar\/\" \/>\n<meta property=\"og:locale\" content=\"sv_SE\" \/>\n<meta property=\"og:type\" content=\"article\" \/>\n<meta property=\"og:title\" content=\"Stories of resilience from Ukrainians who stayed\" \/>\n<meta property=\"og:description\" content=\"Journeys of memory and home: Ukrainians who stayed\" \/>\n<meta property=\"og:url\" content=\"https:\/\/wartours.in.ua\/sv\/2025\/11\/07\/ber-ttelser-om-motst-ndskraft-fr-n-ukrainare-som-stannade-kvar\/\" \/>\n<meta property=\"og:site_name\" content=\"WarTours Ukraine\" \/>\n<meta property=\"article:published_time\" content=\"2025-11-07T13:10:26+00:00\" \/>\n<meta property=\"article:modified_time\" content=\"2025-11-08T15:31:38+00:00\" \/>\n<meta property=\"og:image\" content=\"https:\/\/wartours.in.ua\/wp-content\/uploads\/2023\/02\/wartours.webp\" \/>\n\t<meta property=\"og:image:width\" content=\"1200\" \/>\n\t<meta property=\"og:image:height\" content=\"818\" \/>\n\t<meta property=\"og:image:type\" content=\"image\/webp\" \/>\n<meta name=\"author\" content=\"uawarTours\" \/>\n<meta name=\"twitter:card\" content=\"summary_large_image\" \/>\n<meta name=\"twitter:label1\" content=\"Skriven av\" \/>\n\t<meta name=\"twitter:data1\" content=\"uawarTours\" \/>\n\t<meta name=\"twitter:label2\" content=\"Ber\u00e4knad l\u00e4stid\" \/>\n\t<meta name=\"twitter:data2\" content=\"3 minuter\" \/>\n<script type=\"application\/ld+json\" class=\"yoast-schema-graph\">{\"@context\":\"https:\\\/\\\/schema.org\",\"@graph\":[{\"@type\":\"Article\",\"@id\":\"https:\\\/\\\/wartours.in.ua\\\/sv\\\/2025\\\/11\\\/07\\\/stories-of-resilience-from-ukrainians-who-stayed\\\/#article\",\"isPartOf\":{\"@id\":\"https:\\\/\\\/wartours.in.ua\\\/sv\\\/2025\\\/11\\\/07\\\/stories-of-resilience-from-ukrainians-who-stayed\\\/\"},\"author\":{\"name\":\"uawarTours\",\"@id\":\"https:\\\/\\\/wartours.in.ua\\\/sv\\\/#\\\/schema\\\/person\\\/2f330aa72b72a56601fcc0d5d28fdbc1\"},\"headline\":\"Stories of resilience from Ukrainians who stayed\",\"datePublished\":\"2025-11-07T13:10:26+00:00\",\"dateModified\":\"2025-11-08T15:31:38+00:00\",\"mainEntityOfPage\":{\"@id\":\"https:\\\/\\\/wartours.in.ua\\\/sv\\\/2025\\\/11\\\/07\\\/stories-of-resilience-from-ukrainians-who-stayed\\\/\"},\"wordCount\":687,\"publisher\":{\"@id\":\"https:\\\/\\\/wartours.in.ua\\\/sv\\\/#organization\"},\"image\":{\"@id\":\"https:\\\/\\\/wartours.in.ua\\\/sv\\\/2025\\\/11\\\/07\\\/stories-of-resilience-from-ukrainians-who-stayed\\\/#primaryimage\"},\"thumbnailUrl\":\"https:\\\/\\\/wartours.in.ua\\\/wp-content\\\/uploads\\\/2025\\\/11\\\/iwly-plic_u.jpg\",\"keywords\":[\"community travel\",\"cultural continuity\",\"everyday Ukraine\",\"human-stories\",\"Izium Memorial Garden\",\"Kyiv murals\",\"local guides\",\"Museum of Civil Courage\",\"resilience\",\"responsible travel\",\"Ukraine 2026\",\"Ukrainian culture\",\"volunteer tourism\",\"war tourism\",\"war tours ukraine\"],\"articleSection\":[\"Visit Ukraine\"],\"inLanguage\":\"sv-SE\"},{\"@type\":\"WebPage\",\"@id\":\"https:\\\/\\\/wartours.in.ua\\\/sv\\\/2025\\\/11\\\/07\\\/stories-of-resilience-from-ukrainians-who-stayed\\\/\",\"url\":\"https:\\\/\\\/wartours.in.ua\\\/sv\\\/2025\\\/11\\\/07\\\/stories-of-resilience-from-ukrainians-who-stayed\\\/\",\"name\":\"Stories of resilience from Ukrainians who stayed - WarTours Ukraine\",\"isPartOf\":{\"@id\":\"https:\\\/\\\/wartours.in.ua\\\/sv\\\/#website\"},\"primaryImageOfPage\":{\"@id\":\"https:\\\/\\\/wartours.in.ua\\\/sv\\\/2025\\\/11\\\/07\\\/stories-of-resilience-from-ukrainians-who-stayed\\\/#primaryimage\"},\"image\":{\"@id\":\"https:\\\/\\\/wartours.in.ua\\\/sv\\\/2025\\\/11\\\/07\\\/stories-of-resilience-from-ukrainians-who-stayed\\\/#primaryimage\"},\"thumbnailUrl\":\"https:\\\/\\\/wartours.in.ua\\\/wp-content\\\/uploads\\\/2025\\\/11\\\/iwly-plic_u.jpg\",\"datePublished\":\"2025-11-07T13:10:26+00:00\",\"dateModified\":\"2025-11-08T15:31:38+00:00\",\"breadcrumb\":{\"@id\":\"https:\\\/\\\/wartours.in.ua\\\/sv\\\/2025\\\/11\\\/07\\\/stories-of-resilience-from-ukrainians-who-stayed\\\/#breadcrumb\"},\"inLanguage\":\"sv-SE\",\"potentialAction\":[{\"@type\":\"ReadAction\",\"target\":[\"https:\\\/\\\/wartours.in.ua\\\/sv\\\/2025\\\/11\\\/07\\\/stories-of-resilience-from-ukrainians-who-stayed\\\/\"]}]},{\"@type\":\"ImageObject\",\"inLanguage\":\"sv-SE\",\"@id\":\"https:\\\/\\\/wartours.in.ua\\\/sv\\\/2025\\\/11\\\/07\\\/stories-of-resilience-from-ukrainians-who-stayed\\\/#primaryimage\",\"url\":\"https:\\\/\\\/wartours.in.ua\\\/wp-content\\\/uploads\\\/2025\\\/11\\\/iwly-plic_u.jpg\",\"contentUrl\":\"https:\\\/\\\/wartours.in.ua\\\/wp-content\\\/uploads\\\/2025\\\/11\\\/iwly-plic_u.jpg\",\"width\":1600,\"height\":1067,\"caption\":\"Stories from Ukrainians Who Refused to Leave\"},{\"@type\":\"BreadcrumbList\",\"@id\":\"https:\\\/\\\/wartours.in.ua\\\/sv\\\/2025\\\/11\\\/07\\\/stories-of-resilience-from-ukrainians-who-stayed\\\/#breadcrumb\",\"itemListElement\":[{\"@type\":\"ListItem\",\"position\":1,\"name\":\"\u0413\u043e\u043b\u043e\u0432\u043d\u0430\",\"item\":\"https:\\\/\\\/wartours.in.ua\\\/\"},{\"@type\":\"ListItem\",\"position\":2,\"name\":\"Stories of resilience from Ukrainians who stayed\"}]},{\"@type\":\"WebSite\",\"@id\":\"https:\\\/\\\/wartours.in.ua\\\/sv\\\/#website\",\"url\":\"https:\\\/\\\/wartours.in.ua\\\/sv\\\/\",\"name\":\"WarTours Ukraine\",\"description\":\"Military tourism. Evidence of russian aggression with your own eyes\",\"publisher\":{\"@id\":\"https:\\\/\\\/wartours.in.ua\\\/sv\\\/#organization\"},\"alternateName\":\"Military Tours in Ukraine\",\"potentialAction\":[{\"@type\":\"SearchAction\",\"target\":{\"@type\":\"EntryPoint\",\"urlTemplate\":\"https:\\\/\\\/wartours.in.ua\\\/sv\\\/?s={search_term_string}\"},\"query-input\":{\"@type\":\"PropertyValueSpecification\",\"valueRequired\":true,\"valueName\":\"search_term_string\"}}],\"inLanguage\":\"sv-SE\"},{\"@type\":\"Organization\",\"@id\":\"https:\\\/\\\/wartours.in.ua\\\/sv\\\/#organization\",\"name\":\"WarTours Ukraine\",\"alternateName\":\"MilitaryTours in Ukraine\",\"url\":\"https:\\\/\\\/wartours.in.ua\\\/sv\\\/\",\"logo\":{\"@type\":\"ImageObject\",\"inLanguage\":\"sv-SE\",\"@id\":\"https:\\\/\\\/wartours.in.ua\\\/sv\\\/#\\\/schema\\\/logo\\\/image\\\/\",\"url\":\"https:\\\/\\\/wartours.in.ua\\\/wp-content\\\/uploads\\\/2023\\\/01\\\/logo-04.png\",\"contentUrl\":\"https:\\\/\\\/wartours.in.ua\\\/wp-content\\\/uploads\\\/2023\\\/01\\\/logo-04.png\",\"width\":418,\"height\":129,\"caption\":\"WarTours Ukraine\"},\"image\":{\"@id\":\"https:\\\/\\\/wartours.in.ua\\\/sv\\\/#\\\/schema\\\/logo\\\/image\\\/\"},\"sameAs\":[\"https:\\\/\\\/www.instagram.com\\\/wartours_in_ua\\\/\",\"https:\\\/\\\/www.linkedin.com\\\/company\\\/113094334\\\/admin\\\/dashboard\\\/\"]},{\"@type\":\"Person\",\"@id\":\"https:\\\/\\\/wartours.in.ua\\\/sv\\\/#\\\/schema\\\/person\\\/2f330aa72b72a56601fcc0d5d28fdbc1\",\"name\":\"uawarTours\",\"image\":{\"@type\":\"ImageObject\",\"inLanguage\":\"sv-SE\",\"@id\":\"https:\\\/\\\/secure.gravatar.com\\\/avatar\\\/8d241296dc1b68e540b084de0201701931c22bde5ce47af723f6de7c8e224db5?s=96&d=mm&r=g\",\"url\":\"https:\\\/\\\/secure.gravatar.com\\\/avatar\\\/8d241296dc1b68e540b084de0201701931c22bde5ce47af723f6de7c8e224db5?s=96&d=mm&r=g\",\"contentUrl\":\"https:\\\/\\\/secure.gravatar.com\\\/avatar\\\/8d241296dc1b68e540b084de0201701931c22bde5ce47af723f6de7c8e224db5?s=96&d=mm&r=g\",\"caption\":\"uawarTours\"},\"sameAs\":[\"https:\\\/\\\/wartours.in.ua\"],\"url\":\"https:\\\/\\\/wartours.in.ua\\\/sv\\\/author\\\/uawartours\\\/\"}]}<\/script>\n<!-- \/ Yoast SEO Premium plugin. -->","yoast_head_json":{"title":"Ber\u00e4ttelser om motst\u00e5ndskraft fr\u00e5n ukrainare som stannade kvar - WarTours Ukraina","robots":{"index":"index","follow":"follow","max-snippet":"max-snippet:-1","max-image-preview":"max-image-preview:large","max-video-preview":"max-video-preview:-1"},"canonical":"https:\/\/wartours.in.ua\/sv\/2025\/11\/07\/ber-ttelser-om-motst-ndskraft-fr-n-ukrainare-som-stannade-kvar\/","og_locale":"sv_SE","og_type":"article","og_title":"Stories of resilience from Ukrainians who stayed","og_description":"Journeys of memory and home: Ukrainians who stayed","og_url":"https:\/\/wartours.in.ua\/sv\/2025\/11\/07\/ber-ttelser-om-motst-ndskraft-fr-n-ukrainare-som-stannade-kvar\/","og_site_name":"WarTours Ukraine","article_published_time":"2025-11-07T13:10:26+00:00","article_modified_time":"2025-11-08T15:31:38+00:00","og_image":[{"width":1200,"height":818,"url":"https:\/\/wartours.in.ua\/wp-content\/uploads\/2023\/02\/wartours.webp","type":"image\/webp"}],"author":"uawarTours","twitter_card":"summary_large_image","twitter_misc":{"Skriven av":"uawarTours","Ber\u00e4knad l\u00e4stid":"3 minuter"},"schema":{"@context":"https:\/\/schema.org","@graph":[{"@type":"Article","@id":"https:\/\/wartours.in.ua\/sv\/2025\/11\/07\/stories-of-resilience-from-ukrainians-who-stayed\/#article","isPartOf":{"@id":"https:\/\/wartours.in.ua\/sv\/2025\/11\/07\/stories-of-resilience-from-ukrainians-who-stayed\/"},"author":{"name":"uawarTours","@id":"https:\/\/wartours.in.ua\/sv\/#\/schema\/person\/2f330aa72b72a56601fcc0d5d28fdbc1"},"headline":"Stories of resilience from Ukrainians who stayed","datePublished":"2025-11-07T13:10:26+00:00","dateModified":"2025-11-08T15:31:38+00:00","mainEntityOfPage":{"@id":"https:\/\/wartours.in.ua\/sv\/2025\/11\/07\/stories-of-resilience-from-ukrainians-who-stayed\/"},"wordCount":687,"publisher":{"@id":"https:\/\/wartours.in.ua\/sv\/#organization"},"image":{"@id":"https:\/\/wartours.in.ua\/sv\/2025\/11\/07\/stories-of-resilience-from-ukrainians-who-stayed\/#primaryimage"},"thumbnailUrl":"https:\/\/wartours.in.ua\/wp-content\/uploads\/2025\/11\/iwly-plic_u.jpg","keywords":["community travel","cultural continuity","everyday Ukraine","human-stories","Izium Memorial Garden","Kyiv murals","local guides","Museum of Civil Courage","resilience","responsible travel","Ukraine 2026","Ukrainian culture","volunteer tourism","war tourism","war tours ukraine"],"articleSection":["Visit Ukraine"],"inLanguage":"sv-SE"},{"@type":"WebPage","@id":"https:\/\/wartours.in.ua\/sv\/2025\/11\/07\/stories-of-resilience-from-ukrainians-who-stayed\/","url":"https:\/\/wartours.in.ua\/sv\/2025\/11\/07\/stories-of-resilience-from-ukrainians-who-stayed\/","name":"Ber\u00e4ttelser om motst\u00e5ndskraft fr\u00e5n ukrainare som stannade kvar - WarTours Ukraina","isPartOf":{"@id":"https:\/\/wartours.in.ua\/sv\/#website"},"primaryImageOfPage":{"@id":"https:\/\/wartours.in.ua\/sv\/2025\/11\/07\/stories-of-resilience-from-ukrainians-who-stayed\/#primaryimage"},"image":{"@id":"https:\/\/wartours.in.ua\/sv\/2025\/11\/07\/stories-of-resilience-from-ukrainians-who-stayed\/#primaryimage"},"thumbnailUrl":"https:\/\/wartours.in.ua\/wp-content\/uploads\/2025\/11\/iwly-plic_u.jpg","datePublished":"2025-11-07T13:10:26+00:00","dateModified":"2025-11-08T15:31:38+00:00","breadcrumb":{"@id":"https:\/\/wartours.in.ua\/sv\/2025\/11\/07\/stories-of-resilience-from-ukrainians-who-stayed\/#breadcrumb"},"inLanguage":"sv-SE","potentialAction":[{"@type":"ReadAction","target":["https:\/\/wartours.in.ua\/sv\/2025\/11\/07\/stories-of-resilience-from-ukrainians-who-stayed\/"]}]},{"@type":"ImageObject","inLanguage":"sv-SE","@id":"https:\/\/wartours.in.ua\/sv\/2025\/11\/07\/stories-of-resilience-from-ukrainians-who-stayed\/#primaryimage","url":"https:\/\/wartours.in.ua\/wp-content\/uploads\/2025\/11\/iwly-plic_u.jpg","contentUrl":"https:\/\/wartours.in.ua\/wp-content\/uploads\/2025\/11\/iwly-plic_u.jpg","width":1600,"height":1067,"caption":"Stories from Ukrainians Who Refused to Leave"},{"@type":"BreadcrumbList","@id":"https:\/\/wartours.in.ua\/sv\/2025\/11\/07\/stories-of-resilience-from-ukrainians-who-stayed\/#breadcrumb","itemListElement":[{"@type":"ListItem","position":1,"name":"\u0413\u043e\u043b\u043e\u0432\u043d\u0430","item":"https:\/\/wartours.in.ua\/"},{"@type":"ListItem","position":2,"name":"Stories of resilience from Ukrainians who stayed"}]},{"@type":"WebSite","@id":"https:\/\/wartours.in.ua\/sv\/#website","url":"https:\/\/wartours.in.ua\/sv\/","name":"Krigsresor Ukraina","description":"Milit\u00e4rturism. Bevis p\u00e5 rysk aggression med egna \u00f6gon","publisher":{"@id":"https:\/\/wartours.in.ua\/sv\/#organization"},"alternateName":"Military Tours in Ukraine","potentialAction":[{"@type":"SearchAction","target":{"@type":"EntryPoint","urlTemplate":"https:\/\/wartours.in.ua\/sv\/?s={search_term_string}"},"query-input":{"@type":"PropertyValueSpecification","valueRequired":true,"valueName":"search_term_string"}}],"inLanguage":"sv-SE"},{"@type":"Organization","@id":"https:\/\/wartours.in.ua\/sv\/#organization","name":"Krigsresor Ukraina","alternateName":"MilitaryTours in Ukraine","url":"https:\/\/wartours.in.ua\/sv\/","logo":{"@type":"ImageObject","inLanguage":"sv-SE","@id":"https:\/\/wartours.in.ua\/sv\/#\/schema\/logo\/image\/","url":"https:\/\/wartours.in.ua\/wp-content\/uploads\/2023\/01\/logo-04.png","contentUrl":"https:\/\/wartours.in.ua\/wp-content\/uploads\/2023\/01\/logo-04.png","width":418,"height":129,"caption":"WarTours Ukraine"},"image":{"@id":"https:\/\/wartours.in.ua\/sv\/#\/schema\/logo\/image\/"},"sameAs":["https:\/\/www.instagram.com\/wartours_in_ua\/","https:\/\/www.linkedin.com\/company\/113094334\/admin\/dashboard\/"]},{"@type":"Person","@id":"https:\/\/wartours.in.ua\/sv\/#\/schema\/person\/2f330aa72b72a56601fcc0d5d28fdbc1","name":"uawarTours","image":{"@type":"ImageObject","inLanguage":"sv-SE","@id":"https:\/\/secure.gravatar.com\/avatar\/8d241296dc1b68e540b084de0201701931c22bde5ce47af723f6de7c8e224db5?s=96&d=mm&r=g","url":"https:\/\/secure.gravatar.com\/avatar\/8d241296dc1b68e540b084de0201701931c22bde5ce47af723f6de7c8e224db5?s=96&d=mm&r=g","contentUrl":"https:\/\/secure.gravatar.com\/avatar\/8d241296dc1b68e540b084de0201701931c22bde5ce47af723f6de7c8e224db5?s=96&d=mm&r=g","caption":"uawarTours"},"sameAs":["https:\/\/wartours.in.ua"],"url":"https:\/\/wartours.in.ua\/sv\/author\/uawartours\/"}]}},"_links":{"self":[{"href":"https:\/\/wartours.in.ua\/sv\/wp-json\/wp\/v2\/posts\/2156","targetHints":{"allow":["GET"]}}],"collection":[{"href":"https:\/\/wartours.in.ua\/sv\/wp-json\/wp\/v2\/posts"}],"about":[{"href":"https:\/\/wartours.in.ua\/sv\/wp-json\/wp\/v2\/types\/post"}],"author":[{"embeddable":true,"href":"https:\/\/wartours.in.ua\/sv\/wp-json\/wp\/v2\/users\/1"}],"replies":[{"embeddable":true,"href":"https:\/\/wartours.in.ua\/sv\/wp-json\/wp\/v2\/comments?post=2156"}],"version-history":[{"count":0,"href":"https:\/\/wartours.in.ua\/sv\/wp-json\/wp\/v2\/posts\/2156\/revisions"}],"wp:featuredmedia":[{"embeddable":true,"href":"https:\/\/wartours.in.ua\/sv\/wp-json\/wp\/v2\/media\/2174"}],"wp:attachment":[{"href":"https:\/\/wartours.in.ua\/sv\/wp-json\/wp\/v2\/media?parent=2156"}],"wp:term":[{"taxonomy":"category","embeddable":true,"href":"https:\/\/wartours.in.ua\/sv\/wp-json\/wp\/v2\/categories?post=2156"},{"taxonomy":"post_tag","embeddable":true,"href":"https:\/\/wartours.in.ua\/sv\/wp-json\/wp\/v2\/tags?post=2156"}],"curies":[{"name":"wp","href":"https:\/\/api.w.org\/{rel}","templated":true}]}}