{"id":2208,"date":"2025-11-27T19:26:37","date_gmt":"2025-11-27T19:26:37","guid":{"rendered":"https:\/\/wartours.in.ua\/?p=2208"},"modified":"2025-11-27T19:34:57","modified_gmt":"2025-11-27T19:34:57","slug":"ukraina-wow-2025-och-ukrainarna-som-blev-globala-ikoner","status":"publish","type":"post","link":"https:\/\/wartours.in.ua\/sv\/2025\/11\/27\/ukraine-wow-2025-and-the-ukrainians-who-became-global-icons\/","title":{"rendered":"Ukraina WOW 2025 och ukrainarna som blev globala ikoner"},"content":{"rendered":"<div data-elementor-type=\"wp-post\" data-elementor-id=\"2208\" class=\"elementor elementor-2208\" data-elementor-settings=\"{&quot;element_pack_global_tooltip_width&quot;:{&quot;unit&quot;:&quot;px&quot;,&quot;size&quot;:&quot;&quot;,&quot;sizes&quot;:[]},&quot;element_pack_global_tooltip_width_tablet&quot;:{&quot;unit&quot;:&quot;px&quot;,&quot;size&quot;:&quot;&quot;,&quot;sizes&quot;:[]},&quot;element_pack_global_tooltip_width_mobile&quot;:{&quot;unit&quot;:&quot;px&quot;,&quot;size&quot;:&quot;&quot;,&quot;sizes&quot;:[]},&quot;element_pack_global_tooltip_padding&quot;:{&quot;unit&quot;:&quot;px&quot;,&quot;top&quot;:&quot;&quot;,&quot;right&quot;:&quot;&quot;,&quot;bottom&quot;:&quot;&quot;,&quot;left&quot;:&quot;&quot;,&quot;isLinked&quot;:true},&quot;element_pack_global_tooltip_padding_tablet&quot;:{&quot;unit&quot;:&quot;px&quot;,&quot;top&quot;:&quot;&quot;,&quot;right&quot;:&quot;&quot;,&quot;bottom&quot;:&quot;&quot;,&quot;left&quot;:&quot;&quot;,&quot;isLinked&quot;:true},&quot;element_pack_global_tooltip_padding_mobile&quot;:{&quot;unit&quot;:&quot;px&quot;,&quot;top&quot;:&quot;&quot;,&quot;right&quot;:&quot;&quot;,&quot;bottom&quot;:&quot;&quot;,&quot;left&quot;:&quot;&quot;,&quot;isLinked&quot;:true},&quot;element_pack_global_tooltip_border_radius&quot;:{&quot;unit&quot;:&quot;px&quot;,&quot;top&quot;:&quot;&quot;,&quot;right&quot;:&quot;&quot;,&quot;bottom&quot;:&quot;&quot;,&quot;left&quot;:&quot;&quot;,&quot;isLinked&quot;:true},&quot;element_pack_global_tooltip_border_radius_tablet&quot;:{&quot;unit&quot;:&quot;px&quot;,&quot;top&quot;:&quot;&quot;,&quot;right&quot;:&quot;&quot;,&quot;bottom&quot;:&quot;&quot;,&quot;left&quot;:&quot;&quot;,&quot;isLinked&quot;:true},&quot;element_pack_global_tooltip_border_radius_mobile&quot;:{&quot;unit&quot;:&quot;px&quot;,&quot;top&quot;:&quot;&quot;,&quot;right&quot;:&quot;&quot;,&quot;bottom&quot;:&quot;&quot;,&quot;left&quot;:&quot;&quot;,&quot;isLinked&quot;:true}}\" data-elementor-post-type=\"post\">\n\t\t\t\t\t\t<section class=\"elementor-section elementor-top-section elementor-element elementor-element-0bc3b3a elementor-section-boxed elementor-section-height-default elementor-section-height-default\" data-id=\"0bc3b3a\" data-element_type=\"section\" data-e-type=\"section\">\n\t\t\t\t\t\t<div class=\"elementor-container elementor-column-gap-default\">\n\t\t\t\t\t<div class=\"elementor-column elementor-col-100 elementor-top-column elementor-element elementor-element-37c958a\" data-id=\"37c958a\" data-element_type=\"column\" data-e-type=\"column\">\n\t\t\t<div class=\"elementor-widget-wrap elementor-element-populated\">\n\t\t\t\t\t\t<div class=\"elementor-element elementor-element-d37d786 elementor-widget elementor-widget-text-editor\" data-id=\"d37d786\" data-element_type=\"widget\" data-e-type=\"widget\" data-widget_type=\"text-editor.default\">\n\t\t\t\t<div class=\"elementor-widget-container\">\n\t\t\t\t\t\t\t\t\t<p data-start=\"372\" data-end=\"661\">\u00c5r 2025 \u00e5terv\u00e4nde utst\u00e4llningen Ukraina WOW till Kiev med en ny kraft och ett nytt budskap. Det omdesignade utrymmet, de nya multimediazonerna och den uppdaterade kuratoriska metoden f\u00f6rvandlade den tidigare j\u00e4rnv\u00e4gshallen till en resa genom ukrainsk identitet \u2013 m\u00e5ngsidig, k\u00e4nslom\u00e4ssig och ov\u00e4ntat global.<\/p><p data-start=\"663\" data-end=\"1044\">Bland alla installationer var det en sektion som h\u00f6ll bes\u00f6karna l\u00e4ngst: den f\u00f6rnyade <strong data-start=\"743\" data-end=\"759\">\u201c&quot;V\u00e5ra andra&quot;\u201d<\/strong> v\u00e4gg.<br data-start=\"765\" data-end=\"768\" \/>Ett utrymme till\u00e4gnat m\u00e4nniskor f\u00f6dda i Ukraina \u2013 i Kiev, Lviv, Odessa, Tjernivtsi, Buchatj \u2013 som blev k\u00e4nda l\u00e5ngt utanf\u00f6r dess gr\u00e4nser. F\u00f6rfattare som formade modern litteratur, konstn\u00e4rer som revolutionerade f\u00e4rg, dansare som omdefinierade r\u00f6relse, t\u00e4nkare som f\u00f6rutsp\u00e5dde v\u00e5r digitala framtid.<\/p><p data-start=\"1046\" data-end=\"1284\">Dessa ber\u00e4ttelser handlar inte om emigration. De handlar om ursprung.<br data-start=\"1109\" data-end=\"1112\" \/>N\u00e4r v\u00e5ra guider p\u00e5 War Tours Ukraine s\u00e5g den h\u00e4r muren \u00e5r 2025 k\u00e4ndes det inte som en uppt\u00e4ckt utan som en p\u00e5minnelse \u2013 att Ukraina alltid har varit en f\u00f6delseplats f\u00f6r talanger i v\u00e4rldsklass.<\/p><hr data-start=\"1286\" data-end=\"1289\" \/><h2 data-start=\"1291\" data-end=\"1358\"><strong data-start=\"1294\" data-end=\"1358\">Stanislaw Lem: pojken fr\u00e5n Lviv som skrev m\u00e4nsklighetens framtid<\/strong><\/h2><p data-start=\"1360\" data-end=\"1604\">Vid Ukraina WOW 2025 framst\u00e5r Lems namn som en av 1900-talets mest inflytelserika t\u00e4nkare.<br data-start=\"1463\" data-end=\"1466\" \/>Han f\u00f6ddes i Lviv och v\u00e4xte upp omgiven av stadens flerspr\u00e5kiga, m\u00e5ngkulturella atmosf\u00e4r \u2013 just den milj\u00f6 som formade hans nyfikenhet.<\/p><p data-start=\"1606\" data-end=\"1832\"><strong data-start=\"1606\" data-end=\"1634\">Varf\u00f6r v\u00e4rlden k\u00e4nner honom:<\/strong><br data-start=\"1634\" data-end=\"1637\" \/>Lem skrev inte bara science fiction. Han skrev om vad v\u00e4rlden skulle bli.<br data-start=\"1713\" data-end=\"1716\" \/>Artificiell intelligens, virtuell verklighet, informationsetik \u2013 han f\u00f6rest\u00e4llde sig det \u00e5rtionden innan Silicon Valley existerade.<\/p><p data-start=\"1834\" data-end=\"1956\"><strong data-start=\"1834\" data-end=\"1860\">En detalj i utst\u00e4llningen:<\/strong><br data-start=\"1860\" data-end=\"1863\" \/>Kuratorerna visade tidiga utkast som visade hur Lvivs intellektuella klimat p\u00e5verkade hans stil.<\/p><p data-start=\"1958\" data-end=\"2047\"><strong data-start=\"1958\" data-end=\"1993\">Hans koppling till Ukraina efter ber\u00f6mmelsen:<\/strong><br data-start=\"1993\" data-end=\"1996\" \/>Lem sa ofta att Lviv &quot;l\u00e4rde honom att t\u00e4nka&quot;.<\/p><hr data-start=\"2049\" data-end=\"2052\" \/><h2 data-start=\"2054\" data-end=\"2133\"><strong data-start=\"2057\" data-end=\"2133\">Shmuel Yosef Agnon: Nobelpristagaren som bar Buchach i fickan<\/strong><\/h2><p data-start=\"2135\" data-end=\"2288\">Buchach \u00e4r en liten stad p\u00e5 Podillian-kullarna. \u00c4nd\u00e5 gav den v\u00e4rlden Shmuel Yosef Agnon \u2013 den f\u00f6rsta israeliska f\u00f6rfattaren att vinna Nobelpriset i litteratur.<\/p><p data-start=\"2290\" data-end=\"2507\"><strong data-start=\"2290\" data-end=\"2322\">Varf\u00f6r han blev k\u00e4nd utomlands:<\/strong><br data-start=\"2322\" data-end=\"2325\" \/>Agnons prosa blandar folklore, bibliska ekon och rytmerna i \u00f6steuropeiskt ber\u00e4ttande.<br data-start=\"2421\" data-end=\"2424\" \/>Denna unika stil gjorde honom till en av grundarna av modern israelisk litteratur.<\/p><p data-start=\"2509\" data-end=\"2649\"><strong data-start=\"2509\" data-end=\"2549\">Ov\u00e4ntat faktum fr\u00e5n utst\u00e4llningen:<\/strong><br data-start=\"2549\" data-end=\"2552\" \/>Agnon beh\u00f6ll nyckeln till sitt barndomshem i Buchach l\u00e5ngt efter att han blivit en global litter\u00e4r figur.<\/p><p data-start=\"2651\" data-end=\"2772\"><strong data-start=\"2651\" data-end=\"2686\">Hans koppling till Ukraina efter ber\u00f6mmelsen:<\/strong><br data-start=\"2686\" data-end=\"2689\" \/>Han skrev upprepade g\u00e5nger att Podillia formade hans fantasi l\u00e5ngt innan ber\u00f6mmelse n\u00e5gonsin gjorde det.<\/p><hr data-start=\"2774\" data-end=\"2777\" \/><h2 data-start=\"2779\" data-end=\"2853\"><strong data-start=\"2782\" data-end=\"2853\">Paul Celan: Tjernivtsi-poeten som f\u00f6rvandlade trauma till v\u00e4rldsminne<\/strong><\/h2><p data-start=\"2855\" data-end=\"2966\">Avsnittet i Ukraina WOW 2025 till\u00e4gnat Celan \u00e4r minimalistiskt och tyst \u2013 vilket speglar intensiteten i hans verser.<\/p><p data-start=\"2968\" data-end=\"3096\"><strong data-start=\"2968\" data-end=\"3003\">Varf\u00f6r han \u00e4r erk\u00e4nd v\u00e4rlden \u00f6ver:<\/strong><br data-start=\"3003\" data-end=\"3006\" \/>Hans dikt &quot;D\u00f6dsfugan&quot; \u00e4r ett av de viktigaste litter\u00e4ra vittnesm\u00e5len om F\u00f6rintelsen.<\/p><p data-start=\"3098\" data-end=\"3257\"><strong data-start=\"3098\" data-end=\"3124\">Vad som formade hans hantverk:<\/strong><br data-start=\"3124\" data-end=\"3127\" \/>Celan v\u00e4xte upp i Tjernivtsi och talade flera spr\u00e5k \u2013 en spr\u00e5klig rikedom som blev grunden f\u00f6r hans poetiska teknik.<\/p><p data-start=\"3259\" data-end=\"3400\"><strong data-start=\"3259\" data-end=\"3294\">Hans koppling till Ukraina efter ber\u00f6mmelsen:<\/strong><br data-start=\"3294\" data-end=\"3297\" \/>Han beh\u00f6ll fotografier av Tjernivtsi hela sitt liv och kallade det &quot;f\u00f6delseplatsen f\u00f6r mina f\u00f6rsta ord&quot;.<\/p><hr data-start=\"3402\" data-end=\"3405\" \/><h2 data-start=\"3407\" data-end=\"3477\"><strong data-start=\"3410\" data-end=\"3477\">Vladimir Horowitz: Kyiv-underbarnet som er\u00f6vrade Carnegie Hall<\/strong><\/h2><p data-start=\"3479\" data-end=\"3618\">Horowitz namn p\u00e5 utst\u00e4llningsv\u00e4ggen syns bredvid s\u00e4llsynta ljudklipp \u2013 appl\u00e5der som varade i minuter, \u00e4ven efter att han l\u00e4mnat scenen.<\/p><p data-start=\"3620\" data-end=\"3793\"><strong data-start=\"3620\" data-end=\"3661\">Varf\u00f6r han blev internationellt k\u00e4nd:<\/strong><br data-start=\"3661\" data-end=\"3664\" \/>Han anses vara en av de st\u00f6rsta pianisterna genom tiderna \u2013 tekniskt o\u00f6vertr\u00e4ffad, k\u00e4nslom\u00e4ssigt magnetisk och omissk\u00e4nnligt unik.<\/p><p data-start=\"3795\" data-end=\"3970\"><strong data-start=\"3795\" data-end=\"3827\">En s\u00e4llsynt detalj som visades 2025:<\/strong><br data-start=\"3827\" data-end=\"3830\" \/>Arkivfoton fr\u00e5n hans tidiga musikskole\u00e5r i Kiev \u2013 inklusive hans ursprungliga klassrum p\u00e5 Lukianivka \u2013 visades f\u00f6r f\u00f6rsta g\u00e5ngen.<\/p><p data-start=\"3972\" data-end=\"4093\"><strong data-start=\"3972\" data-end=\"4007\">Hans koppling till Ukraina efter ber\u00f6mmelsen:<\/strong><br data-start=\"4007\" data-end=\"4010\" \/>Horowitz sa ofta att hans musikaliska k\u00e4nslighet &quot;b\u00f6rjade med ljudet av Kievs gator&quot;.<\/p><hr data-start=\"4095\" data-end=\"4098\" \/><h2 data-start=\"4100\" data-end=\"4165\"><strong data-start=\"4103\" data-end=\"4165\">Sonia Delaunay: Odessaflickan som gav Paris f\u00e4rg<\/strong><\/h2><p data-start=\"4167\" data-end=\"4283\">P\u00e5 Ukraina WOW 2025 \u00e4r hennes monter en f\u00e4rgexplosion: textilprover, abstrakta skisser, filmklipp fr\u00e5n modevisningar.<\/p><p data-start=\"4285\" data-end=\"4467\"><strong data-start=\"4285\" data-end=\"4313\">Varf\u00f6r v\u00e4rlden k\u00e4nner henne:<\/strong><br data-start=\"4313\" data-end=\"4316\" \/>Sonia Delaunay var med och grundade Orphism \u2013 en r\u00f6relse som f\u00f6rvandlade f\u00e4rg till rytm och geometri. Hennes verk f\u00f6r\u00e4ndrade modern konst och haute couture f\u00f6r alltid.<\/p><p data-start=\"4469\" data-end=\"4598\"><strong data-start=\"4469\" data-end=\"4489\">\u00d6verraskande faktum:<\/strong><br data-start=\"4489\" data-end=\"4492\" \/>Hon gav Odesas basarer, tyger och livfulla kontraster \u00e4ran som k\u00e4llan till sitt livsl\u00e5nga &quot;f\u00e4rgminne&quot;.<\/p><p data-start=\"4600\" data-end=\"4741\"><strong data-start=\"4600\" data-end=\"4635\">Hennes koppling till Ukraina efter ber\u00f6mmelse:<\/strong><br data-start=\"4635\" data-end=\"4638\" \/>I Paris st\u00f6dde hon ukrainska konstn\u00e4rer och sa ofta att Svarta havet format hennes konstn\u00e4rliga vision.<\/p><hr data-start=\"4743\" data-end=\"4746\" \/><h2 data-start=\"4748\" data-end=\"4814\"><strong data-start=\"4751\" data-end=\"4814\">Serge Lifar: Kyiv-dansaren som \u00e5teruppfann den parisiska balettkonsten<\/strong><\/h2><p data-start=\"4816\" data-end=\"4935\">Utst\u00e4llningen 2025 inkluderar ett specialomr\u00e5de som visar Lifars st\u00f6rsta produktioner \u2013 som fortfarande spelas p\u00e5 biografer idag.<\/p><p data-start=\"4937\" data-end=\"5096\"><strong data-start=\"4937\" data-end=\"4975\">Varf\u00f6r han blev k\u00e4nd i v\u00e4rlden:<\/strong><br data-start=\"4975\" data-end=\"4978\" \/>Lifar ledde Parisoperans balett i n\u00e4stan 30 \u00e5r och skapade ett nytt koreografiskt system som f\u00f6r\u00e4ndrade konstformen.<\/p><p data-start=\"5098\" data-end=\"5222\"><strong data-start=\"5098\" data-end=\"5120\">Anm\u00e4rkningsv\u00e4rd detalj:<\/strong><br data-start=\"5120\" data-end=\"5123\" \/>Ukraine WOW visar skanningar av hans personliga dagb\u00f6cker som beskriver hans allra f\u00f6rsta danslektioner i Kiev.<\/p><p data-start=\"5224\" data-end=\"5362\"><strong data-start=\"5224\" data-end=\"5259\">Hans koppling till Ukraina efter ber\u00f6mmelsen:<\/strong><br data-start=\"5259\" data-end=\"5262\" \/>Lifar bar alltid med sig en liten ikon som han f\u00e5tt i present av sin l\u00e4rare i Kiev \u2013 den beh\u00f6ll han till slutet av sitt liv.<\/p><hr data-start=\"5364\" data-end=\"5367\" \/><h1 data-start=\"5369\" data-end=\"5399\"><strong data-start=\"5371\" data-end=\"5399\">Varf\u00f6r dessa ber\u00e4ttelser \u00e4r viktiga<\/strong><\/h1><p data-start=\"5401\" data-end=\"5604\">F\u00f6r att Ukraina WOW 2025 \u00e4r mer \u00e4n en utst\u00e4llning.<br data-start=\"5453\" data-end=\"5456\" \/>Det \u00e4r en kulturell p\u00e5minnelse om att Ukraina alltid har varit en generator av v\u00e4rldsformande talanger \u2013 l\u00e5ngt innan v\u00e4rlden l\u00e4rde sig att titta i v\u00e5r riktning.<\/p><p data-start=\"5606\" data-end=\"5744\">N\u00e4r internationella g\u00e4ster ansluter sig till War Tours Ukraine i Kiev, Lviv, Odessa eller Chernivtsi, hj\u00e4lper dessa namn dem att f\u00f6rst\u00e5 en viktig sanning:<\/p><p data-start=\"5746\" data-end=\"5850\"><strong data-start=\"5746\" data-end=\"5850\">Ukraina \u00e4r inte bara ett land som f\u00f6rsvarar sig sj\u00e4lvt. Ukraina \u00e4r ett land som gav v\u00e4rlden briljans.<\/strong><\/p>\t\t\t\t\t\t\t\t<\/div>\n\t\t\t\t<\/div>\n\t\t\t\t\t<\/div>\n\t\t<\/div>\n\t\t\t\t\t<\/div>\n\t\t<\/section>\n\t\t\t\t<section class=\"elementor-section elementor-top-section elementor-element elementor-element-1ed7979 elementor-section-boxed elementor-section-height-default elementor-section-height-default\" data-id=\"1ed7979\" data-element_type=\"section\" data-e-type=\"section\">\n\t\t\t\t\t\t<div class=\"elementor-container elementor-column-gap-default\">\n\t\t\t\t\t<div class=\"elementor-column elementor-col-100 elementor-top-column elementor-element elementor-element-d7c2b39\" data-id=\"d7c2b39\" data-element_type=\"column\" data-e-type=\"column\">\n\t\t\t<div class=\"elementor-widget-wrap elementor-element-populated\">\n\t\t\t\t\t\t<div class=\"elementor-element elementor-element-855b1fa elementor-widget elementor-widget-image\" data-id=\"855b1fa\" data-element_type=\"widget\" data-e-type=\"widget\" data-widget_type=\"image.default\">\n\t\t\t\t<div class=\"elementor-widget-container\">\n\t\t\t\t\t\t\t\t\t\t\t\t\t\t\t<img fetchpriority=\"high\" decoding=\"async\" width=\"683\" height=\"1024\" src=\"https:\/\/wartours.in.ua\/wp-content\/uploads\/2025\/11\/2025-the-Ukraine-WOW-Ukrainian-identity-683x1024.png\" class=\"attachment-large size-large wp-image-2210\" alt=\"\" srcset=\"https:\/\/wartours.in.ua\/wp-content\/uploads\/2025\/11\/2025-the-Ukraine-WOW-Ukrainian-identity-683x1024.png 683w, https:\/\/wartours.in.ua\/wp-content\/uploads\/2025\/11\/2025-the-Ukraine-WOW-Ukrainian-identity-200x300.png 200w, https:\/\/wartours.in.ua\/wp-content\/uploads\/2025\/11\/2025-the-Ukraine-WOW-Ukrainian-identity-768x1152.png 768w, https:\/\/wartours.in.ua\/wp-content\/uploads\/2025\/11\/2025-the-Ukraine-WOW-Ukrainian-identity-8x12.png 8w, https:\/\/wartours.in.ua\/wp-content\/uploads\/2025\/11\/2025-the-Ukraine-WOW-Ukrainian-identity-433x650.png 433w, https:\/\/wartours.in.ua\/wp-content\/uploads\/2025\/11\/2025-the-Ukraine-WOW-Ukrainian-identity.png 1024w\" sizes=\"(max-width: 683px) 100vw, 683px\" \/>\t\t\t\t\t\t\t\t\t\t\t\t\t\t\t<\/div>\n\t\t\t\t<\/div>\n\t\t\t\t\t<\/div>\n\t\t<\/div>\n\t\t\t\t\t<\/div>\n\t\t<\/section>\n\t\t\t\t<\/div>","protected":false},"excerpt":{"rendered":"<p>In 2025, the Ukraine WOW exhibition returned to Kyiv with a new force and a new message. The redesigned space, fresh multimedia [&hellip;]<\/p>\n","protected":false},"author":1,"featured_media":2214,"comment_status":"closed","ping_status":"closed","sticky":false,"template":"","format":"standard","meta":{"footnotes":""},"categories":[1],"tags":[1532,1537,1526,1525,1521,1519,1522,1523,1533,1524,1531,1529,1528,1527,1536,1539,1538,726,987,1517,1518,1534,193,1540,187,1535,685,1520,1530,111],"class_list":["post-2208","post","type-post","status-publish","format-standard","has-post-thumbnail","hentry","category-visitukraine","tag-agnon-buchach","tag-best-exhibitions-in-kyiv","tag-buchach-heritage","tag-chernivtsi-writers","tag-cultural-tourism-ukraine","tag-famous-ukrainians-abroad","tag-kyiv-cultural-tours","tag-lviv-cultural-history","tag-multicultural-ukraine","tag-odesa-artists","tag-paul-celan-chernivtsi","tag-serge-lifar-kyiv","tag-sonia-delaunay-ukraine","tag-stanislaw-lem-ukraine","tag-ukraine-cultural-attractions","tag-ukraine-literary-heritage","tag-ukraine-storytelling","tag-ukraine-travel-2025","tag-ukraine-travel-experiences","tag-ukraine-wow-2025","tag-ukraine-wow-exhibition","tag-ukrainian-artists-in-the-world","tag-ukrainian-culture","tag-ukrainian-global-icons","tag-ukrainian-heritage","tag-ukrainian-history-for-tourists","tag-ukrainian-identity","tag-ukrainians-who-became-world-known","tag-vladimir-horowitz-kyiv","tag-war-tours-ukraine"],"yoast_head":"<!-- This site is optimized with the Yoast SEO Premium plugin v27.4 (Yoast SEO v27.4) - https:\/\/yoast.com\/product\/yoast-seo-premium-wordpress\/ -->\n<title>Ukraine WOW 2025 and the Ukrainians Who Became Global Icons - WarTours Ukraine<\/title>\n<meta name=\"description\" content=\"The redesigned space, fresh multimedia zones, and updated curatorial approach transformed the former railway hall into a journey across Ukrainian identity \u2014 layered, emotional and unexpectedly global.\" \/>\n<meta name=\"robots\" content=\"index, follow, max-snippet:-1, max-image-preview:large, max-video-preview:-1\" \/>\n<link rel=\"canonical\" href=\"https:\/\/wartours.in.ua\/sv\/2025\/11\/27\/ukraina-wow-2025-och-ukrainarna-som-blev-globala-ikoner\/\" \/>\n<meta property=\"og:locale\" content=\"sv_SE\" \/>\n<meta property=\"og:type\" content=\"article\" \/>\n<meta property=\"og:title\" content=\"Ukraine WOW 2025 and the Ukrainians Who Became Global Icons\" \/>\n<meta property=\"og:description\" content=\"The redesigned space, fresh multimedia zones, and updated curatorial approach transformed the former railway hall into a journey across Ukrainian identity \u2014 layered, emotional and unexpectedly global.\" \/>\n<meta property=\"og:url\" content=\"https:\/\/wartours.in.ua\/sv\/2025\/11\/27\/ukraina-wow-2025-och-ukrainarna-som-blev-globala-ikoner\/\" \/>\n<meta property=\"og:site_name\" content=\"WarTours Ukraine\" \/>\n<meta property=\"article:published_time\" content=\"2025-11-27T19:26:37+00:00\" \/>\n<meta property=\"article:modified_time\" content=\"2025-11-27T19:34:57+00:00\" \/>\n<meta property=\"og:image\" content=\"https:\/\/wartours.in.ua\/wp-content\/uploads\/2025\/11\/2025-the-Ukraine-WOW-Ukrainian-identity-1-683x1024.png\" \/>\n\t<meta property=\"og:image:width\" content=\"683\" \/>\n\t<meta property=\"og:image:height\" content=\"1024\" \/>\n\t<meta property=\"og:image:type\" content=\"image\/png\" \/>\n<meta name=\"author\" content=\"uawarTours\" \/>\n<meta name=\"twitter:card\" content=\"summary_large_image\" \/>\n<meta name=\"twitter:label1\" content=\"Skriven av\" \/>\n\t<meta name=\"twitter:data1\" content=\"uawarTours\" \/>\n\t<meta name=\"twitter:label2\" content=\"Ber\u00e4knad l\u00e4stid\" \/>\n\t<meta name=\"twitter:data2\" content=\"5 minuter\" \/>\n<script type=\"application\/ld+json\" class=\"yoast-schema-graph\">{\"@context\":\"https:\\\/\\\/schema.org\",\"@graph\":[{\"@type\":\"Article\",\"@id\":\"https:\\\/\\\/wartours.in.ua\\\/sv\\\/2025\\\/11\\\/27\\\/ukraine-wow-2025-and-the-ukrainians-who-became-global-icons\\\/#article\",\"isPartOf\":{\"@id\":\"https:\\\/\\\/wartours.in.ua\\\/sv\\\/2025\\\/11\\\/27\\\/ukraine-wow-2025-and-the-ukrainians-who-became-global-icons\\\/\"},\"author\":{\"name\":\"uawarTours\",\"@id\":\"https:\\\/\\\/wartours.in.ua\\\/sv\\\/#\\\/schema\\\/person\\\/2f330aa72b72a56601fcc0d5d28fdbc1\"},\"headline\":\"Ukraine WOW 2025 and the Ukrainians Who Became Global Icons\",\"datePublished\":\"2025-11-27T19:26:37+00:00\",\"dateModified\":\"2025-11-27T19:34:57+00:00\",\"mainEntityOfPage\":{\"@id\":\"https:\\\/\\\/wartours.in.ua\\\/sv\\\/2025\\\/11\\\/27\\\/ukraine-wow-2025-and-the-ukrainians-who-became-global-icons\\\/\"},\"wordCount\":839,\"publisher\":{\"@id\":\"https:\\\/\\\/wartours.in.ua\\\/sv\\\/#organization\"},\"image\":{\"@id\":\"https:\\\/\\\/wartours.in.ua\\\/sv\\\/2025\\\/11\\\/27\\\/ukraine-wow-2025-and-the-ukrainians-who-became-global-icons\\\/#primaryimage\"},\"thumbnailUrl\":\"https:\\\/\\\/wartours.in.ua\\\/wp-content\\\/uploads\\\/2025\\\/11\\\/2025-the-Ukraine-WOW-Ukrainian-identity-1.png\",\"keywords\":[\"Agnon Buchach\",\"best exhibitions in Kyiv\",\"Buchach heritage\",\"Chernivtsi writers\",\"cultural tourism Ukraine\",\"famous Ukrainians abroad\",\"Kyiv cultural tours\",\"Lviv cultural history\",\"multicultural Ukraine\",\"Odesa artists\",\"Paul Celan Chernivtsi\",\"Serge Lifar Kyiv\",\"Sonia Delaunay Ukraine\",\"Stanislaw Lem Ukraine\",\"Ukraine cultural attractions\",\"Ukraine literary heritage\",\"Ukraine storytelling\",\"Ukraine travel 2025\",\"Ukraine travel experiences\",\"Ukraine WOW 2025\",\"Ukraine WOW exhibition\",\"Ukrainian artists in the world\",\"Ukrainian culture\",\"Ukrainian global icons\",\"Ukrainian heritage\",\"Ukrainian history for tourists\",\"Ukrainian identity\",\"Ukrainians who became world known\",\"Vladimir Horowitz Kyiv\",\"war tours ukraine\"],\"articleSection\":[\"Visit Ukraine\"],\"inLanguage\":\"sv-SE\"},{\"@type\":\"WebPage\",\"@id\":\"https:\\\/\\\/wartours.in.ua\\\/sv\\\/2025\\\/11\\\/27\\\/ukraine-wow-2025-and-the-ukrainians-who-became-global-icons\\\/\",\"url\":\"https:\\\/\\\/wartours.in.ua\\\/sv\\\/2025\\\/11\\\/27\\\/ukraine-wow-2025-and-the-ukrainians-who-became-global-icons\\\/\",\"name\":\"Ukraine WOW 2025 and the Ukrainians Who Became Global Icons - WarTours Ukraine\",\"isPartOf\":{\"@id\":\"https:\\\/\\\/wartours.in.ua\\\/sv\\\/#website\"},\"primaryImageOfPage\":{\"@id\":\"https:\\\/\\\/wartours.in.ua\\\/sv\\\/2025\\\/11\\\/27\\\/ukraine-wow-2025-and-the-ukrainians-who-became-global-icons\\\/#primaryimage\"},\"image\":{\"@id\":\"https:\\\/\\\/wartours.in.ua\\\/sv\\\/2025\\\/11\\\/27\\\/ukraine-wow-2025-and-the-ukrainians-who-became-global-icons\\\/#primaryimage\"},\"thumbnailUrl\":\"https:\\\/\\\/wartours.in.ua\\\/wp-content\\\/uploads\\\/2025\\\/11\\\/2025-the-Ukraine-WOW-Ukrainian-identity-1.png\",\"datePublished\":\"2025-11-27T19:26:37+00:00\",\"dateModified\":\"2025-11-27T19:34:57+00:00\",\"description\":\"The redesigned space, fresh multimedia zones, and updated curatorial approach transformed the former railway hall into a journey across Ukrainian identity \u2014 layered, emotional and unexpectedly global.\",\"breadcrumb\":{\"@id\":\"https:\\\/\\\/wartours.in.ua\\\/sv\\\/2025\\\/11\\\/27\\\/ukraine-wow-2025-and-the-ukrainians-who-became-global-icons\\\/#breadcrumb\"},\"inLanguage\":\"sv-SE\",\"potentialAction\":[{\"@type\":\"ReadAction\",\"target\":[\"https:\\\/\\\/wartours.in.ua\\\/sv\\\/2025\\\/11\\\/27\\\/ukraine-wow-2025-and-the-ukrainians-who-became-global-icons\\\/\"]}]},{\"@type\":\"ImageObject\",\"inLanguage\":\"sv-SE\",\"@id\":\"https:\\\/\\\/wartours.in.ua\\\/sv\\\/2025\\\/11\\\/27\\\/ukraine-wow-2025-and-the-ukrainians-who-became-global-icons\\\/#primaryimage\",\"url\":\"https:\\\/\\\/wartours.in.ua\\\/wp-content\\\/uploads\\\/2025\\\/11\\\/2025-the-Ukraine-WOW-Ukrainian-identity-1.png\",\"contentUrl\":\"https:\\\/\\\/wartours.in.ua\\\/wp-content\\\/uploads\\\/2025\\\/11\\\/2025-the-Ukraine-WOW-Ukrainian-identity-1.png\",\"width\":1024,\"height\":1536},{\"@type\":\"BreadcrumbList\",\"@id\":\"https:\\\/\\\/wartours.in.ua\\\/sv\\\/2025\\\/11\\\/27\\\/ukraine-wow-2025-and-the-ukrainians-who-became-global-icons\\\/#breadcrumb\",\"itemListElement\":[{\"@type\":\"ListItem\",\"position\":1,\"name\":\"\u0413\u043e\u043b\u043e\u0432\u043d\u0430\",\"item\":\"https:\\\/\\\/wartours.in.ua\\\/\"},{\"@type\":\"ListItem\",\"position\":2,\"name\":\"Ukraine WOW 2025 and the Ukrainians Who Became Global Icons\"}]},{\"@type\":\"WebSite\",\"@id\":\"https:\\\/\\\/wartours.in.ua\\\/sv\\\/#website\",\"url\":\"https:\\\/\\\/wartours.in.ua\\\/sv\\\/\",\"name\":\"WarTours Ukraine\",\"description\":\"Military tourism. Evidence of russian aggression with your own eyes\",\"publisher\":{\"@id\":\"https:\\\/\\\/wartours.in.ua\\\/sv\\\/#organization\"},\"alternateName\":\"Military Tours in Ukraine\",\"potentialAction\":[{\"@type\":\"SearchAction\",\"target\":{\"@type\":\"EntryPoint\",\"urlTemplate\":\"https:\\\/\\\/wartours.in.ua\\\/sv\\\/?s={search_term_string}\"},\"query-input\":{\"@type\":\"PropertyValueSpecification\",\"valueRequired\":true,\"valueName\":\"search_term_string\"}}],\"inLanguage\":\"sv-SE\"},{\"@type\":\"Organization\",\"@id\":\"https:\\\/\\\/wartours.in.ua\\\/sv\\\/#organization\",\"name\":\"WarTours Ukraine\",\"alternateName\":\"MilitaryTours in Ukraine\",\"url\":\"https:\\\/\\\/wartours.in.ua\\\/sv\\\/\",\"logo\":{\"@type\":\"ImageObject\",\"inLanguage\":\"sv-SE\",\"@id\":\"https:\\\/\\\/wartours.in.ua\\\/sv\\\/#\\\/schema\\\/logo\\\/image\\\/\",\"url\":\"https:\\\/\\\/wartours.in.ua\\\/wp-content\\\/uploads\\\/2023\\\/01\\\/logo-04.png\",\"contentUrl\":\"https:\\\/\\\/wartours.in.ua\\\/wp-content\\\/uploads\\\/2023\\\/01\\\/logo-04.png\",\"width\":418,\"height\":129,\"caption\":\"WarTours Ukraine\"},\"image\":{\"@id\":\"https:\\\/\\\/wartours.in.ua\\\/sv\\\/#\\\/schema\\\/logo\\\/image\\\/\"},\"sameAs\":[\"https:\\\/\\\/www.instagram.com\\\/wartours_in_ua\\\/\",\"https:\\\/\\\/www.linkedin.com\\\/company\\\/113094334\\\/admin\\\/dashboard\\\/\"]},{\"@type\":\"Person\",\"@id\":\"https:\\\/\\\/wartours.in.ua\\\/sv\\\/#\\\/schema\\\/person\\\/2f330aa72b72a56601fcc0d5d28fdbc1\",\"name\":\"uawarTours\",\"image\":{\"@type\":\"ImageObject\",\"inLanguage\":\"sv-SE\",\"@id\":\"https:\\\/\\\/secure.gravatar.com\\\/avatar\\\/8d241296dc1b68e540b084de0201701931c22bde5ce47af723f6de7c8e224db5?s=96&d=mm&r=g\",\"url\":\"https:\\\/\\\/secure.gravatar.com\\\/avatar\\\/8d241296dc1b68e540b084de0201701931c22bde5ce47af723f6de7c8e224db5?s=96&d=mm&r=g\",\"contentUrl\":\"https:\\\/\\\/secure.gravatar.com\\\/avatar\\\/8d241296dc1b68e540b084de0201701931c22bde5ce47af723f6de7c8e224db5?s=96&d=mm&r=g\",\"caption\":\"uawarTours\"},\"sameAs\":[\"https:\\\/\\\/wartours.in.ua\"],\"url\":\"https:\\\/\\\/wartours.in.ua\\\/sv\\\/author\\\/uawartours\\\/\"}]}<\/script>\n<!-- \/ Yoast SEO Premium plugin. -->","yoast_head_json":{"title":"Ukraina WOW 2025 och ukrainarna som blev globala ikoner - WarTours Ukraina","description":"Det omdesignade utrymmet, de fr\u00e4scha multimediazonerna och det uppdaterade kuratoriska tillv\u00e4gag\u00e5ngss\u00e4ttet f\u00f6rvandlade den tidigare j\u00e4rnv\u00e4gshallen till en resa genom ukrainsk identitet \u2013 flera lager p\u00e5 lager, emotionellt och ov\u00e4ntat globalt.","robots":{"index":"index","follow":"follow","max-snippet":"max-snippet:-1","max-image-preview":"max-image-preview:large","max-video-preview":"max-video-preview:-1"},"canonical":"https:\/\/wartours.in.ua\/sv\/2025\/11\/27\/ukraina-wow-2025-och-ukrainarna-som-blev-globala-ikoner\/","og_locale":"sv_SE","og_type":"article","og_title":"Ukraine WOW 2025 and the Ukrainians Who Became Global Icons","og_description":"The redesigned space, fresh multimedia zones, and updated curatorial approach transformed the former railway hall into a journey across Ukrainian identity \u2014 layered, emotional and unexpectedly global.","og_url":"https:\/\/wartours.in.ua\/sv\/2025\/11\/27\/ukraina-wow-2025-och-ukrainarna-som-blev-globala-ikoner\/","og_site_name":"WarTours Ukraine","article_published_time":"2025-11-27T19:26:37+00:00","article_modified_time":"2025-11-27T19:34:57+00:00","og_image":[{"width":683,"height":1024,"url":"https:\/\/wartours.in.ua\/wp-content\/uploads\/2025\/11\/2025-the-Ukraine-WOW-Ukrainian-identity-1-683x1024.png","type":"image\/png"}],"author":"uawarTours","twitter_card":"summary_large_image","twitter_misc":{"Skriven av":"uawarTours","Ber\u00e4knad l\u00e4stid":"5 minuter"},"schema":{"@context":"https:\/\/schema.org","@graph":[{"@type":"Article","@id":"https:\/\/wartours.in.ua\/sv\/2025\/11\/27\/ukraine-wow-2025-and-the-ukrainians-who-became-global-icons\/#article","isPartOf":{"@id":"https:\/\/wartours.in.ua\/sv\/2025\/11\/27\/ukraine-wow-2025-and-the-ukrainians-who-became-global-icons\/"},"author":{"name":"uawarTours","@id":"https:\/\/wartours.in.ua\/sv\/#\/schema\/person\/2f330aa72b72a56601fcc0d5d28fdbc1"},"headline":"Ukraine WOW 2025 and the Ukrainians Who Became Global Icons","datePublished":"2025-11-27T19:26:37+00:00","dateModified":"2025-11-27T19:34:57+00:00","mainEntityOfPage":{"@id":"https:\/\/wartours.in.ua\/sv\/2025\/11\/27\/ukraine-wow-2025-and-the-ukrainians-who-became-global-icons\/"},"wordCount":839,"publisher":{"@id":"https:\/\/wartours.in.ua\/sv\/#organization"},"image":{"@id":"https:\/\/wartours.in.ua\/sv\/2025\/11\/27\/ukraine-wow-2025-and-the-ukrainians-who-became-global-icons\/#primaryimage"},"thumbnailUrl":"https:\/\/wartours.in.ua\/wp-content\/uploads\/2025\/11\/2025-the-Ukraine-WOW-Ukrainian-identity-1.png","keywords":["Agnon Buchach","best exhibitions in Kyiv","Buchach heritage","Chernivtsi writers","cultural tourism Ukraine","famous Ukrainians abroad","Kyiv cultural tours","Lviv cultural history","multicultural Ukraine","Odesa artists","Paul Celan Chernivtsi","Serge Lifar Kyiv","Sonia Delaunay Ukraine","Stanislaw Lem Ukraine","Ukraine cultural attractions","Ukraine literary heritage","Ukraine storytelling","Ukraine travel 2025","Ukraine travel experiences","Ukraine WOW 2025","Ukraine WOW exhibition","Ukrainian artists in the world","Ukrainian culture","Ukrainian global icons","Ukrainian heritage","Ukrainian history for tourists","Ukrainian identity","Ukrainians who became world known","Vladimir Horowitz Kyiv","war tours ukraine"],"articleSection":["Visit Ukraine"],"inLanguage":"sv-SE"},{"@type":"WebPage","@id":"https:\/\/wartours.in.ua\/sv\/2025\/11\/27\/ukraine-wow-2025-and-the-ukrainians-who-became-global-icons\/","url":"https:\/\/wartours.in.ua\/sv\/2025\/11\/27\/ukraine-wow-2025-and-the-ukrainians-who-became-global-icons\/","name":"Ukraina WOW 2025 och ukrainarna som blev globala ikoner - WarTours Ukraina","isPartOf":{"@id":"https:\/\/wartours.in.ua\/sv\/#website"},"primaryImageOfPage":{"@id":"https:\/\/wartours.in.ua\/sv\/2025\/11\/27\/ukraine-wow-2025-and-the-ukrainians-who-became-global-icons\/#primaryimage"},"image":{"@id":"https:\/\/wartours.in.ua\/sv\/2025\/11\/27\/ukraine-wow-2025-and-the-ukrainians-who-became-global-icons\/#primaryimage"},"thumbnailUrl":"https:\/\/wartours.in.ua\/wp-content\/uploads\/2025\/11\/2025-the-Ukraine-WOW-Ukrainian-identity-1.png","datePublished":"2025-11-27T19:26:37+00:00","dateModified":"2025-11-27T19:34:57+00:00","description":"Det omdesignade utrymmet, de fr\u00e4scha multimediazonerna och det uppdaterade kuratoriska tillv\u00e4gag\u00e5ngss\u00e4ttet f\u00f6rvandlade den tidigare j\u00e4rnv\u00e4gshallen till en resa genom ukrainsk identitet \u2013 flera lager p\u00e5 lager, emotionellt och ov\u00e4ntat globalt.","breadcrumb":{"@id":"https:\/\/wartours.in.ua\/sv\/2025\/11\/27\/ukraine-wow-2025-and-the-ukrainians-who-became-global-icons\/#breadcrumb"},"inLanguage":"sv-SE","potentialAction":[{"@type":"ReadAction","target":["https:\/\/wartours.in.ua\/sv\/2025\/11\/27\/ukraine-wow-2025-and-the-ukrainians-who-became-global-icons\/"]}]},{"@type":"ImageObject","inLanguage":"sv-SE","@id":"https:\/\/wartours.in.ua\/sv\/2025\/11\/27\/ukraine-wow-2025-and-the-ukrainians-who-became-global-icons\/#primaryimage","url":"https:\/\/wartours.in.ua\/wp-content\/uploads\/2025\/11\/2025-the-Ukraine-WOW-Ukrainian-identity-1.png","contentUrl":"https:\/\/wartours.in.ua\/wp-content\/uploads\/2025\/11\/2025-the-Ukraine-WOW-Ukrainian-identity-1.png","width":1024,"height":1536},{"@type":"BreadcrumbList","@id":"https:\/\/wartours.in.ua\/sv\/2025\/11\/27\/ukraine-wow-2025-and-the-ukrainians-who-became-global-icons\/#breadcrumb","itemListElement":[{"@type":"ListItem","position":1,"name":"\u0413\u043e\u043b\u043e\u0432\u043d\u0430","item":"https:\/\/wartours.in.ua\/"},{"@type":"ListItem","position":2,"name":"Ukraine WOW 2025 and the Ukrainians Who Became Global Icons"}]},{"@type":"WebSite","@id":"https:\/\/wartours.in.ua\/sv\/#website","url":"https:\/\/wartours.in.ua\/sv\/","name":"Krigsresor Ukraina","description":"Milit\u00e4rturism. Bevis p\u00e5 rysk aggression med egna \u00f6gon","publisher":{"@id":"https:\/\/wartours.in.ua\/sv\/#organization"},"alternateName":"Military Tours in Ukraine","potentialAction":[{"@type":"SearchAction","target":{"@type":"EntryPoint","urlTemplate":"https:\/\/wartours.in.ua\/sv\/?s={search_term_string}"},"query-input":{"@type":"PropertyValueSpecification","valueRequired":true,"valueName":"search_term_string"}}],"inLanguage":"sv-SE"},{"@type":"Organization","@id":"https:\/\/wartours.in.ua\/sv\/#organization","name":"Krigsresor Ukraina","alternateName":"MilitaryTours in Ukraine","url":"https:\/\/wartours.in.ua\/sv\/","logo":{"@type":"ImageObject","inLanguage":"sv-SE","@id":"https:\/\/wartours.in.ua\/sv\/#\/schema\/logo\/image\/","url":"https:\/\/wartours.in.ua\/wp-content\/uploads\/2023\/01\/logo-04.png","contentUrl":"https:\/\/wartours.in.ua\/wp-content\/uploads\/2023\/01\/logo-04.png","width":418,"height":129,"caption":"WarTours Ukraine"},"image":{"@id":"https:\/\/wartours.in.ua\/sv\/#\/schema\/logo\/image\/"},"sameAs":["https:\/\/www.instagram.com\/wartours_in_ua\/","https:\/\/www.linkedin.com\/company\/113094334\/admin\/dashboard\/"]},{"@type":"Person","@id":"https:\/\/wartours.in.ua\/sv\/#\/schema\/person\/2f330aa72b72a56601fcc0d5d28fdbc1","name":"uawarTours","image":{"@type":"ImageObject","inLanguage":"sv-SE","@id":"https:\/\/secure.gravatar.com\/avatar\/8d241296dc1b68e540b084de0201701931c22bde5ce47af723f6de7c8e224db5?s=96&d=mm&r=g","url":"https:\/\/secure.gravatar.com\/avatar\/8d241296dc1b68e540b084de0201701931c22bde5ce47af723f6de7c8e224db5?s=96&d=mm&r=g","contentUrl":"https:\/\/secure.gravatar.com\/avatar\/8d241296dc1b68e540b084de0201701931c22bde5ce47af723f6de7c8e224db5?s=96&d=mm&r=g","caption":"uawarTours"},"sameAs":["https:\/\/wartours.in.ua"],"url":"https:\/\/wartours.in.ua\/sv\/author\/uawartours\/"}]}},"_links":{"self":[{"href":"https:\/\/wartours.in.ua\/sv\/wp-json\/wp\/v2\/posts\/2208","targetHints":{"allow":["GET"]}}],"collection":[{"href":"https:\/\/wartours.in.ua\/sv\/wp-json\/wp\/v2\/posts"}],"about":[{"href":"https:\/\/wartours.in.ua\/sv\/wp-json\/wp\/v2\/types\/post"}],"author":[{"embeddable":true,"href":"https:\/\/wartours.in.ua\/sv\/wp-json\/wp\/v2\/users\/1"}],"replies":[{"embeddable":true,"href":"https:\/\/wartours.in.ua\/sv\/wp-json\/wp\/v2\/comments?post=2208"}],"version-history":[{"count":0,"href":"https:\/\/wartours.in.ua\/sv\/wp-json\/wp\/v2\/posts\/2208\/revisions"}],"wp:featuredmedia":[{"embeddable":true,"href":"https:\/\/wartours.in.ua\/sv\/wp-json\/wp\/v2\/media\/2214"}],"wp:attachment":[{"href":"https:\/\/wartours.in.ua\/sv\/wp-json\/wp\/v2\/media?parent=2208"}],"wp:term":[{"taxonomy":"category","embeddable":true,"href":"https:\/\/wartours.in.ua\/sv\/wp-json\/wp\/v2\/categories?post=2208"},{"taxonomy":"post_tag","embeddable":true,"href":"https:\/\/wartours.in.ua\/sv\/wp-json\/wp\/v2\/tags?post=2208"}],"curies":[{"name":"wp","href":"https:\/\/api.w.org\/{rel}","templated":true}]}}