{"id":1523,"date":"2025-01-18T16:07:40","date_gmt":"2025-01-18T16:07:40","guid":{"rendered":"https:\/\/wartours.in.ua\/?p=1523"},"modified":"2025-01-18T16:13:58","modified_gmt":"2025-01-18T16:13:58","slug":"anna-24-kiev-039-de-gezi-turlari-organizatoru","status":"publish","type":"post","link":"https:\/\/wartours.in.ua\/tr\/2025\/01\/18\/anna-24-organiseert-oorlogstours-in-kiev-ik-wil-dat-mensen-zien-wat-hier-gebeurt\/","title":{"rendered":"Anna (24) Kiev&#039;de gezi turlar\u0131 d\u00fczenliyor: \u201cIk wil dat mensen zien wat hier gesfertt"},"content":{"rendered":"<div data-elementor-type=\"wp-post\" data-elementor-id=\"1523\" class=\"elementor elementor-1523\" data-elementor-settings=\"{&quot;element_pack_global_tooltip_width&quot;:{&quot;unit&quot;:&quot;px&quot;,&quot;size&quot;:&quot;&quot;,&quot;sizes&quot;:[]},&quot;element_pack_global_tooltip_width_tablet&quot;:{&quot;unit&quot;:&quot;px&quot;,&quot;size&quot;:&quot;&quot;,&quot;sizes&quot;:[]},&quot;element_pack_global_tooltip_width_mobile&quot;:{&quot;unit&quot;:&quot;px&quot;,&quot;size&quot;:&quot;&quot;,&quot;sizes&quot;:[]},&quot;element_pack_global_tooltip_padding&quot;:{&quot;unit&quot;:&quot;px&quot;,&quot;top&quot;:&quot;&quot;,&quot;right&quot;:&quot;&quot;,&quot;bottom&quot;:&quot;&quot;,&quot;left&quot;:&quot;&quot;,&quot;isLinked&quot;:true},&quot;element_pack_global_tooltip_padding_tablet&quot;:{&quot;unit&quot;:&quot;px&quot;,&quot;top&quot;:&quot;&quot;,&quot;right&quot;:&quot;&quot;,&quot;bottom&quot;:&quot;&quot;,&quot;left&quot;:&quot;&quot;,&quot;isLinked&quot;:true},&quot;element_pack_global_tooltip_padding_mobile&quot;:{&quot;unit&quot;:&quot;px&quot;,&quot;top&quot;:&quot;&quot;,&quot;right&quot;:&quot;&quot;,&quot;bottom&quot;:&quot;&quot;,&quot;left&quot;:&quot;&quot;,&quot;isLinked&quot;:true},&quot;element_pack_global_tooltip_border_radius&quot;:{&quot;unit&quot;:&quot;px&quot;,&quot;top&quot;:&quot;&quot;,&quot;right&quot;:&quot;&quot;,&quot;bottom&quot;:&quot;&quot;,&quot;left&quot;:&quot;&quot;,&quot;isLinked&quot;:true},&quot;element_pack_global_tooltip_border_radius_tablet&quot;:{&quot;unit&quot;:&quot;px&quot;,&quot;top&quot;:&quot;&quot;,&quot;right&quot;:&quot;&quot;,&quot;bottom&quot;:&quot;&quot;,&quot;left&quot;:&quot;&quot;,&quot;isLinked&quot;:true},&quot;element_pack_global_tooltip_border_radius_mobile&quot;:{&quot;unit&quot;:&quot;px&quot;,&quot;top&quot;:&quot;&quot;,&quot;right&quot;:&quot;&quot;,&quot;bottom&quot;:&quot;&quot;,&quot;left&quot;:&quot;&quot;,&quot;isLinked&quot;:true}}\" data-elementor-post-type=\"post\">\n\t\t\t\t\t\t<section class=\"elementor-section elementor-top-section elementor-element elementor-element-600ba4b elementor-section-boxed elementor-section-height-default elementor-section-height-default\" data-id=\"600ba4b\" data-element_type=\"section\" data-e-type=\"section\">\n\t\t\t\t\t\t<div class=\"elementor-container elementor-column-gap-default\">\n\t\t\t\t\t<div class=\"elementor-column elementor-col-100 elementor-top-column elementor-element elementor-element-7f50e9e\" data-id=\"7f50e9e\" data-element_type=\"column\" data-e-type=\"column\">\n\t\t\t<div class=\"elementor-widget-wrap elementor-element-populated\">\n\t\t\t\t\t\t<div class=\"elementor-element elementor-element-3384d3c elementor-widget elementor-widget-text-editor\" data-id=\"3384d3c\" data-element_type=\"widget\" data-e-type=\"widget\" data-widget_type=\"text-editor.default\">\n\t\t\t\t<div class=\"elementor-widget-container\">\n\t\t\t\t\t\t\t\t\t<p><span style=\"color: #000000;\">Avro, Rusya&#039;n\u0131n i\u015fgaline kar\u015f\u0131 Kiev&#039;deki binalar\u0131 bombalayan bir g\u00fcn olabilir. Maar ramptoerisme&#039;nin &#039;karanl\u0131k turizmi&#039; midir?<\/span><\/p><p>\u00a0<\/p><p><span style=\"color: #000000;\">Anna gece saat d\u00f6rtte Kiev&#039;deki dairesinde telefonundaki bir mesajla uyand\u0131\u011f\u0131nda yirmi bir ya\u015f\u0131ndayd\u0131. Kherson&#039;da &quot;De kap\u0131 k\u0131r\u0131ld\u0131,&quot; diye s\u00f6ylendi. Mahallede ilk patlamalar\u0131 duyana kadar buna inanamazlar. S\u00fcpermarketlerde bir banka otomati\u011fine girip, a\u00e7\u0131kken her zaman a\u00e7\u0131k bir \u015fekilde yatakta yat\u0131yoruz. Yer alt\u0131 otopark\u0131na bir g\u00f6z at\u0131n. \u015eubat 2022&#039;de k\u0131\u015f aylar\u0131nda su t\u00fcketiminden \u00e7ok daha fazla zaman ge\u00e7ti. Nihayetinde, okulumuza k\u00f6t\u00fc bir kira getiren b\u00fcy\u00fck bir sarma\u015f\u0131k patlamas\u0131yla, evimize do\u011fru yola \u00e7\u0131kt\u0131k. &quot;Hi\u00e7bir plan\u0131m yoktu. Tam bir kaostu\u201d diyor ze.<\/span><\/p>\t\t\t\t\t\t\t\t<\/div>\n\t\t\t\t<\/div>\n\t\t\t\t\t<\/div>\n\t\t<\/div>\n\t\t\t\t\t<\/div>\n\t\t<\/section>\n\t\t\t\t<section class=\"elementor-section elementor-top-section elementor-element elementor-element-1773bf8 elementor-section-boxed elementor-section-height-default elementor-section-height-default\" data-id=\"1773bf8\" data-element_type=\"section\" data-e-type=\"section\">\n\t\t\t\t\t\t<div class=\"elementor-container elementor-column-gap-default\">\n\t\t\t\t\t<div class=\"elementor-column elementor-col-100 elementor-top-column elementor-element elementor-element-c0886b1\" data-id=\"c0886b1\" data-element_type=\"column\" data-e-type=\"column\">\n\t\t\t<div class=\"elementor-widget-wrap elementor-element-populated\">\n\t\t\t\t\t\t<div class=\"elementor-element elementor-element-5e603d6 elementor-widget elementor-widget-image\" data-id=\"5e603d6\" data-element_type=\"widget\" data-e-type=\"widget\" data-widget_type=\"image.default\">\n\t\t\t\t<div class=\"elementor-widget-container\">\n\t\t\t\t\t\t\t\t\t\t\t\t\t\t\t<img fetchpriority=\"high\" decoding=\"async\" width=\"639\" height=\"426\" src=\"https:\/\/wartours.in.ua\/wp-content\/uploads\/2025\/01\/military-tourism.jpg\" class=\"attachment-large size-large wp-image-1526\" alt=\"\" srcset=\"https:\/\/wartours.in.ua\/wp-content\/uploads\/2025\/01\/military-tourism.jpg 639w, https:\/\/wartours.in.ua\/wp-content\/uploads\/2025\/01\/military-tourism-300x200.jpg 300w, https:\/\/wartours.in.ua\/wp-content\/uploads\/2025\/01\/military-tourism-18x12.jpg 18w\" sizes=\"(max-width: 639px) 100vw, 639px\" \/>\t\t\t\t\t\t\t\t\t\t\t\t\t\t\t<\/div>\n\t\t\t\t<\/div>\n\t\t\t\t<div class=\"elementor-element elementor-element-7552eaf elementor-widget elementor-widget-text-editor\" data-id=\"7552eaf\" data-element_type=\"widget\" data-e-type=\"widget\" data-widget_type=\"text-editor.default\">\n\t\t\t\t<div class=\"elementor-widget-container\">\n\t\t\t\t\t\t\t\t\t<h3><span style=\"color: #000000;\">&quot;Herkesin bildi\u011fi gibi&quot;<\/span><\/h3><p><span style=\"color: #000000;\">Daha sonra daha y\u00fcksek bir seviyeye ula\u015ft\u0131k. Bu arada yirmi d\u00f6rt ya\u015f\u0131ndaki Anna, Rus i\u015fgalinin sonu\u00e7lar\u0131n\u0131 yabanc\u0131 gezginlere g\u00f6stermek isteyen bir kurulu\u015f i\u00e7in tur rehberi olmaktan vazge\u00e7ti.\u00a0<a style=\"color: #000000;\" href=\"https:\/\/npo.nl\/npo3\/3opreis\/bestemmingen\/oekraine\">Ukrayna<\/a>. &quot;Het, ooit&#039;ten daha \u00f6nemlidir&quot; zegt ze. &quot;Uluslararas\u0131 ilgi, bizi tehdit ediyor. Bu nedenle biz, kendi \u00f6z\u00fcm\u00fczle tan\u0131\u015fmak i\u00e7in ne yapmam\u0131z\u0131 istiyoruz?<\/span><\/p><p><span style=\"color: #000000;\">Turlar Kiev ve Kharkiv&#039;de sunulmaktad\u0131r. Bu y\u0131l listeye Ukrayna&#039;n\u0131n g\u00fcney k\u0131y\u0131s\u0131ndaki Mykolajiv de eklendi. &quot;Sava\u015f s\u0131ras\u0131nda en \u00f6nemli olan ve tehdit d\u00fczeyi d\u00fc\u015f\u00fck oldu\u011funda ziyaret edilmesi nispeten g\u00fcvenli olan yerleri ziyaret ediyoruz.&quot; Zo gaan ze nu \u00f6rne\u011fin niet naar Kherson. &quot;Buras\u0131 cepheye \u00e7ok yak\u0131n ve \u00e7ok tehlikeli.&quot; Russen, Dinyeper nehrine ba\u015fka bir yerden ula\u015famad\u0131 ve her yerde \u00e7ok say\u0131da insans\u0131z hava arac\u0131yla kar\u015f\u0131la\u015ft\u0131. Ze kan het weten, deze stad&#039;da istemek ze opgegrodst&#039;tur. \u0130\u015fgalden sadece d\u00f6rt ay \u00f6nce \u00f6\u011frenimi i\u00e7in Kiev&#039;e ta\u015f\u0131nd\u0131. &quot;Het sen gittin ki, \u00f6lmek \u00fczereyken mijn leven heeft gered.&quot; Ailemle birlikte \u00e7oktan \u015fehri terk etmi\u015f durumday\u0131z.<\/span><\/p><p><span style=\"color: #000000;\">2022 y\u0131l\u0131nda ilk etapta gazetecilere \u00f6zel olarak kurulan \u00f6rg\u00fct, Bucha ve Irpin gibi vah\u015fi yerler h\u0131zla \u00f6zg\u00fcrle\u015ftirildi. Ki\u015filerin &quot;tamircileri&quot; var. Rusya&#039;n\u0131n ilk ba\u015fta ku\u015fatt\u0131\u011f\u0131 zorlu topraklardan olu\u015fan bir ordu. Oekra\u00efense leger&#039;da geni\u015f bir a\u011f\u0131 olan Oprichter Dmytro, Rus leger&#039;in kontrol\u00fc alt\u0131na girdi\u011finde Irpin&#039;de ya\u015f\u0131yordu. Zijn Netwerk&#039;e te\u015fekk\u00fcrler, g\u00fczel gazeteciler i\u00e7in iyi bir \u015fey oldu.<\/span><\/p>\t\t\t\t\t\t\t\t<\/div>\n\t\t\t\t<\/div>\n\t\t\t\t\t<\/div>\n\t\t<\/div>\n\t\t\t\t\t<\/div>\n\t\t<\/section>\n\t\t\t\t<section class=\"elementor-section elementor-top-section elementor-element elementor-element-46d96ab elementor-section-boxed elementor-section-height-default elementor-section-height-default\" data-id=\"46d96ab\" data-element_type=\"section\" data-e-type=\"section\">\n\t\t\t\t\t\t<div class=\"elementor-container elementor-column-gap-default\">\n\t\t\t\t\t<div class=\"elementor-column elementor-col-100 elementor-top-column elementor-element elementor-element-4e7b3ef\" data-id=\"4e7b3ef\" data-element_type=\"column\" data-e-type=\"column\">\n\t\t\t<div class=\"elementor-widget-wrap elementor-element-populated\">\n\t\t\t\t\t\t<div class=\"elementor-element elementor-element-87dee14 elementor-widget elementor-widget-image\" data-id=\"87dee14\" data-element_type=\"widget\" data-e-type=\"widget\" data-widget_type=\"image.default\">\n\t\t\t\t<div class=\"elementor-widget-container\">\n\t\t\t\t\t\t\t\t\t\t\t\t\t\t\t<img decoding=\"async\" width=\"800\" height=\"1024\" src=\"https:\/\/wartours.in.ua\/wp-content\/uploads\/2025\/01\/Dark-Tourism-Ukraine--800x1024.jpg\" class=\"attachment-large size-large wp-image-1527\" alt=\"\" srcset=\"https:\/\/wartours.in.ua\/wp-content\/uploads\/2025\/01\/Dark-Tourism-Ukraine--800x1024.jpg 800w, https:\/\/wartours.in.ua\/wp-content\/uploads\/2025\/01\/Dark-Tourism-Ukraine--234x300.jpg 234w, https:\/\/wartours.in.ua\/wp-content\/uploads\/2025\/01\/Dark-Tourism-Ukraine--768x983.jpg 768w, https:\/\/wartours.in.ua\/wp-content\/uploads\/2025\/01\/Dark-Tourism-Ukraine--9x12.jpg 9w, https:\/\/wartours.in.ua\/wp-content\/uploads\/2025\/01\/Dark-Tourism-Ukraine--508x650.jpg 508w, https:\/\/wartours.in.ua\/wp-content\/uploads\/2025\/01\/Dark-Tourism-Ukraine-.jpg 1000w\" sizes=\"(max-width: 800px) 100vw, 800px\" \/>\t\t\t\t\t\t\t\t\t\t\t\t\t\t\t<\/div>\n\t\t\t\t<\/div>\n\t\t\t\t\t<\/div>\n\t\t<\/div>\n\t\t\t\t\t<\/div>\n\t\t<\/section>\n\t\t\t\t<section class=\"elementor-section elementor-top-section elementor-element elementor-element-9c43064 elementor-section-boxed elementor-section-height-default elementor-section-height-default\" data-id=\"9c43064\" data-element_type=\"section\" data-e-type=\"section\">\n\t\t\t\t\t\t<div class=\"elementor-container elementor-column-gap-default\">\n\t\t\t\t\t<div class=\"elementor-column elementor-col-100 elementor-top-column elementor-element elementor-element-0f006ad\" data-id=\"0f006ad\" data-element_type=\"column\" data-e-type=\"column\">\n\t\t\t<div class=\"elementor-widget-wrap elementor-element-populated\">\n\t\t\t\t\t\t<div class=\"elementor-element elementor-element-2663c7a elementor-widget elementor-widget-text-editor\" data-id=\"2663c7a\" data-element_type=\"widget\" data-e-type=\"widget\" data-widget_type=\"text-editor.default\">\n\t\t\t\t<div class=\"elementor-widget-container\">\n\t\t\t\t\t\t\t\t\t<h3><span style=\"color: #000000;\">Van medische hulp tot Munitie<\/span><\/h3><p><span style=\"color: #000000;\">Turlar\u0131n kap\u0131s\u0131 gazetecilere a\u00e7\u0131k de\u011fil, gezginlere en son medya ve medya organizasyonunu sa\u011flamak i\u00e7in bak\u0131labilir. Anastasya, tedavi s\u0131ras\u0131nda Kiev&#039;de \u00f6l\u00fcr, ancak o zaman. \u201cKafelerde \u00e7ok \u00e7e\u015fitli yetenekler var, daha sonra oor de orlog&#039;dan i\u00e7eri girebilirim. Bir\u00e7ok ki\u015fi K\u0131z\u0131lha\u00e7 gibi kurulu\u015flar i\u00e7in g\u00f6n\u00fcll\u00fc olarak burada. Ukraynal\u0131lar art\u0131k \u00e7ok daha iyi durumdalar, ama yine de topuklu ayakkab\u0131lar\u0131yla kendilerini be\u011fenmi\u015fler. Her ne kadar perdeli olsa da, o kadar \u00e7ok zaman\u0131m\u0131z var ki, o kadar da iyi bir \u015fey yapamay\u0131z.<\/span><\/p><p><span style=\"color: #000000;\">Bu turlar, Anna&#039;n\u0131n do\u011frudan Oekra\u00efense&#039;ye gitmesine izin veren bir gezide \u00fccretsiz de\u011fildi. Bu iyi bir \u015fey mi oldu? &quot;Alles wat ze nodig hebben, van medische hulp tot munitie.&quot;<\/span><\/p><p><span style=\"color: #000000;\">Hoewel niet ongevaarlijk, diyor Anna, ne yapt\u0131\u011f\u0131n\u0131 \u0131slat\u0131yorsun. &quot;Ba\u015flang\u0131\u00e7ta kontrol etmek i\u00e7in yolcularla tan\u0131\u015ft\u0131\u011f\u0131m\u0131zda \u00e7ok \u015fey s\u00f6yledik. Bu hi\u00e7 ho\u015f de\u011fil, beni iyi kar\u015f\u0131laman\u0131 istiyorum. Adrenalin ba\u011f\u0131ml\u0131lar\u0131 \u00e7ok fazla zaman harcad\u0131, ancak ilgileri ba\u015fka bir \u015feyle bulu\u015ftu. Daha fazla bilgi sahibi olamad\u0131k, ancak daha sonra bir veri yolu ile bir araya geldik. Her \u015fey istek \u00fczerine. De veiligheid kunnen wel voorzorgsmaatregelen&#039;in ne kadar iyi oldu\u011funu garanti etmiyoruz. Her g\u00fcn, okulumuzu geni\u015fletti\u011fimizde, uzun s\u00fcre okullar\u0131n ald\u0131\u011f\u0131 yollar\u0131n kap\u0131s\u0131ndan i\u00e7eri girdik. Gelukkig, en \u00e7ok endi\u015fe verici bir alarmd\u0131r. Turlara kat\u0131lmak i\u00e7in \u015fanss\u0131z bir \u015fey de\u011fil.\u201d<\/span><\/p><p><span style=\"color: #000000;\">Yolcular\u0131n kontrol\u00fc her yerde, volgens Sarike van Slooten van levensbelang&#039;d\u0131r. Avrupa Turizm Vadeli \u0130\u015flemler Enstit\u00fcs\u00fc&#039;n\u00fcn (ETFI) bir hoogleraar&#039;\u0131d\u0131r ve uzmand\u0131r.\u00a0<i>karanl\u0131k turizm<\/i>. &quot;Yapaca\u011f\u0131m\u00a0<i>heyecan arayanlar<\/i>, gezginler, bir g\u00fcn ge\u00e7irecekleri bir yer olarak \u00f6l\u00fcrler, filtrelenirler. Her \u015fey yolunda gitti, hepsi de toelaten ile birlikte gitti. Turistlerin veiligheid van de turanlar\u0131n kap\u0131lar\u0131n\u0131 a\u00e7mas\u0131 garantili. Ama yine de, en sonunda iyi bir \u015fey elde etmek i\u00e7in iyi \u015fanslar var. &quot;Kiev&#039;e gitmeyi se\u00e7meden \u00f6nce \u00e7ok \u015fey ya\u015fad\u0131lar.&quot;<\/span><\/p><p><span style=\"color: #000000;\">Anna&#039;n\u0131n en \u00e7ok sevdi\u011fi i\u015flerden biri\u00a0<a style=\"color: #000000;\" href=\"https:\/\/npo.nl\/npo3\/3opreis\/bestemmingen\/verenigde-staten\">Verenigde Eyaleti<\/a>\u00a0tr\u00a0<a style=\"color: #000000;\" href=\"https:\/\/npo.nl\/npo3\/3opreis\/tags\/europa\">Avrupa<\/a>. Seyahat edenlerin hepsi Oekra\u00efense&#039;yi ziyaret etti. Sarike&#039;nin g\u00f6rebilece\u011fi her \u015feyi ziyaret etmek i\u00e7in \u00e7ok zaman harcad\u0131k. &quot;Veel gezginleri een gevuel van ergens bij willen horen, een identiteit&#039;i ar\u0131yor. Karanl\u0131k turizmin en iyileri, bir b\u00fct\u00fcn olarak daha g\u00fc\u00e7l\u00fc bir ba\u011f gibi g\u00f6r\u00fcn\u00fcyor, bu da onlar\u0131 daha da g\u00fc\u00e7lendiriyor. Dat ziet Anna terug. &quot;Ze komen naimenie niet alleen voor de tur, maar make en delen ook foto\u011fraf, Schrijven en tellen hun ervaringen en verhalen van Ukraynal\u0131lar ve hun vrienden en family in de VS Avrupa.&quot;<\/span><\/p><h3><span style=\"color: #000000;\"><i>Karanl\u0131k turizm<\/i>\u00a0ramptoerisme&#039;den mi?<\/span><\/h3><p><span style=\"color: #000000;\">De Oekra\u00efense oorlogstours kunnen dus geschaard, belirli bir turizm t\u00fcr\u00fc hakk\u0131nda konu\u015fuyor:\u00a0<i>Karanl\u0131k Turizm<\/i>. Bu ne, Sarike uitleggen. &quot;Karanl\u0131k Turizm, sizi \u00fczen ve \u00fczen t\u00fcm turizm faaliyetleri i\u00e7in bir konteyner konseptidir. Karanl\u0131k turizm, pek \u00e7ok ki\u015finin yararlanabilece\u011fi bir topluluktur ve hi\u00e7 bir zaman hi\u00e7 bir i\u015fe yaramayan bir hafta sonu i\u00e7in bir ba\u015flang\u0131\u00e7t\u0131r.<\/span><\/p><p><span style=\"color: #000000;\">Oorlogstours die worden aangeboden, bir etik ikilemle kar\u015f\u0131 kar\u015f\u0131ya kald\u0131ktan sonra: ho\u015fumuza gitti mi?\u00a0<i>karanl\u0131k turizm<\/i>\u00a0bu arada bir \u00e7at\u0131\u015fma m\u0131 var? Sarike&#039;nin \u015f\u00fcpheleri sona ermi\u015ftir. &quot;Turizmin en iyi adamlar\u0131n\u0131, her zaman oldu\u011fu gibi, her zaman oldu\u011fu gibi, hi\u00e7 bir zaman gaande zijn&#039;de olmayan olaylar hakk\u0131nda konu\u015ftuk. \u00d6rne\u011fin Polonya&#039;daki Auschwitz&#039;i d\u00fc\u015f\u00fcn\u00fcn.\u00a0<i>Cape Sahil Kalesi<\/i>\u00a0Gana&#039;da. Daha fazla bilgi edinmek i\u00e7in \u00e7ok fazla zaman harcad\u0131n\u0131z ve bu i\u015flemin \u00e7ok daha kolay oldu\u011funu s\u00f6ylediniz. Karanl\u0131k turizmin \u00f6zelli\u011finin, tussen nabestaanden en beritzen die bezig zijn met een kolektif travmaverwerkingsproces ile a\u00e7\u0131k bir tart\u0131\u015fma oldu\u011funu s\u00f6yl\u00fcyor. Daarin, oorlogstours&#039;a kar\u015f\u0131 \u00e7\u0131kt\u0131\u00a0<a style=\"color: #000000;\" href=\"https:\/\/npo.nl\/npo3\/3opreis\/bestemmingen\/oekraine\">Ukrayna<\/a>\u00a0Zich. &quot;Bu s\u00fcre\u00e7 van verbakeren heeft hier nog niet kunnen geberen, \u00e7\u00fcnk\u00fc oorlog&#039;da toprak nog att\u0131r. Bu nedenle spreek je eerer van\u00a0<i>ak\u0131m<\/i>\u00a0Karanl\u0131k turizm, karanl\u0131k turizm \u015fu an kapal\u0131 m\u0131 \u2013 ve toch gewoon ramptoerisme&#039;nin karanl\u0131k turizmi mi?\u201d<\/span><\/p><p><span style=\"color: #000000;\">Anna g\u00f6veligheden topu\u011fu gitti, maar ze vindt wel bu kadar ethisch te unsponderten is. &quot;Sava\u015f bitmedi. Biz, ye\u011fenlerimiz veya propagandam\u0131z i\u00e7in hi\u00e7bir \u015fey yapmamam\u0131z gerekti\u011fini d\u00fc\u015f\u00fcn\u00fcyoruz. Her ne kadar hala \u00e7ok iyi olsa da, hen\u00fcz \u00e7ok fazla g\u00f6r\u00fcnmedi\u011fimiz halde. Ayr\u0131ca erkeklerin Ukrayna&#039;da daha g\u00fcvende olmalar\u0131n\u0131 ve \u00fclkeyi terk etmemelerini sa\u011fl\u0131yoruz. Wij naimenie naimenie, vanzelfsprekend zijn i\u00e7in, gezginler i\u00e7in, avondklok&#039;lar i\u00e7in de\u011fil. T\u00fcm slotlar, ger\u00e7ek anlamda gizlenmek i\u00e7in \u00e7ok \u00f6nemli olan \u00f6zel bir a\u011fday\u0131z.<\/span><\/p><p>Sar\u0131ke, turlar\u0131n yasa d\u0131\u015f\u0131 bir \u015fey olmad\u0131\u011f\u0131n\u0131 d\u00fc\u015f\u00fcn\u00fcyor. &quot;H\u00fck\u00fcmet d\u00fczeyinde yeni bir d\u00fczenleme var, bu \u00e7ok \u00f6nemli de\u011fil. Als er bir markt voor, ve kan het. Ve bir g\u00fcn, bir g\u00fcn i\u00e7inde bir g\u00fcn \u00f6nce bir kez daha buran\u0131n bir &#039;verkoopt&#039; olarak kabul edildi\u011fine dair bir rapor geldi.&quot;<\/p>\t\t\t\t\t\t\t\t<\/div>\n\t\t\t\t<\/div>\n\t\t\t\t\t<\/div>\n\t\t<\/div>\n\t\t\t\t\t<\/div>\n\t\t<\/section>\n\t\t\t\t<\/div>","protected":false},"excerpt":{"rendered":"<p>Voor honderdvijftig euro kan je een dagtour volgen langs gebombardeerde gebouwen in Kiev om te zien wat de Russische invasie heeft aangericht. [&hellip;]<\/p>\n","protected":false},"author":1,"featured_media":1524,"comment_status":"closed","ping_status":"closed","sticky":false,"template":"","format":"standard","meta":{"footnotes":""},"categories":[1],"tags":[349,523,526,529,204,527,202,525,530,524,522,528,346,195,380,273,326],"class_list":["post-1523","post","type-post","status-publish","format-standard","has-post-thumbnail","hentry","category-visitukraine","tag-culture","tag-destruction","tag-heroes","tag-historical-places","tag-history","tag-international-aid","tag-kyiv","tag-memory","tag-modern-ukraine","tag-reconstruction","tag-tourism","tag-tourist-routes","tag-travel","tag-ukraine","tag-volunteering","tag-war-tours","tag-war-in-ukraine"],"yoast_head":"<!-- This site is optimized with the Yoast SEO Premium plugin v27.4 (Yoast SEO v27.5) - https:\/\/yoast.com\/product\/yoast-seo-premium-wordpress\/ -->\n<title>Anna (24) organiseert oorlogstours in Kiev: &quot;Ik wil dat mensen zien wat hier gebeurt - WarTours Ukraine<\/title>\n<meta name=\"description\" content=\"Voor honderdvijftig euro kan je een dagtour volgen langs gebombardeerde gebouwen in Kiev om te zien wat de Russische invasie heeft aangericht. Maar is het onschuldig \u2018dark tourism\u2019 of ramptoerisme?\" \/>\n<meta name=\"robots\" content=\"index, follow, max-snippet:-1, max-image-preview:large, max-video-preview:-1\" \/>\n<link rel=\"canonical\" href=\"https:\/\/wartours.in.ua\/tr\/2025\/01\/18\/anna-24-kiev-039-de-gezi-turlari-organizatoru\/\" \/>\n<meta property=\"og:locale\" content=\"tr_TR\" \/>\n<meta property=\"og:type\" content=\"article\" \/>\n<meta property=\"og:title\" content=\"Anna (24) organiseert oorlogstours in Kiev: &quot;Ik wil dat mensen zien wat hier gebeurt\" \/>\n<meta property=\"og:description\" content=\"Voor honderdvijftig euro kan je een dagtour volgen langs gebombardeerde gebouwen in Kiev om te zien wat de Russische invasie heeft aangericht. Maar is het onschuldig \u2018dark tourism\u2019 of ramptoerisme?\" \/>\n<meta property=\"og:url\" content=\"https:\/\/wartours.in.ua\/tr\/2025\/01\/18\/anna-24-kiev-039-de-gezi-turlari-organizatoru\/\" \/>\n<meta property=\"og:site_name\" content=\"WarTours Ukraine\" \/>\n<meta property=\"article:published_time\" content=\"2025-01-18T16:07:40+00:00\" \/>\n<meta property=\"article:modified_time\" content=\"2025-01-18T16:13:58+00:00\" \/>\n<meta property=\"og:image\" content=\"https:\/\/wartours.in.ua\/wp-content\/uploads\/2025\/01\/photo_2025-01-18_18-07-14.jpg\" \/>\n\t<meta property=\"og:image:width\" content=\"960\" \/>\n\t<meta property=\"og:image:height\" content=\"1280\" \/>\n\t<meta property=\"og:image:type\" content=\"image\/jpeg\" \/>\n<meta name=\"author\" content=\"uawarTours\" \/>\n<meta name=\"twitter:card\" content=\"summary_large_image\" \/>\n<meta name=\"twitter:label1\" content=\"Yazan:\" \/>\n\t<meta name=\"twitter:data1\" content=\"uawarTours\" \/>\n\t<meta name=\"twitter:label2\" content=\"Tahmini okuma s\u00fcresi\" \/>\n\t<meta name=\"twitter:data2\" content=\"8 dakika\" \/>\n<script type=\"application\/ld+json\" class=\"yoast-schema-graph\">{\"@context\":\"https:\\\/\\\/schema.org\",\"@graph\":[{\"@type\":\"Article\",\"@id\":\"https:\\\/\\\/wartours.in.ua\\\/tr\\\/2025\\\/01\\\/18\\\/anna-24-organiseert-oorlogstours-in-kiev-ik-wil-dat-mensen-zien-wat-hier-gebeurt\\\/#article\",\"isPartOf\":{\"@id\":\"https:\\\/\\\/wartours.in.ua\\\/tr\\\/2025\\\/01\\\/18\\\/anna-24-organiseert-oorlogstours-in-kiev-ik-wil-dat-mensen-zien-wat-hier-gebeurt\\\/\"},\"author\":{\"name\":\"uawarTours\",\"@id\":\"https:\\\/\\\/wartours.in.ua\\\/tr\\\/#\\\/schema\\\/person\\\/2f330aa72b72a56601fcc0d5d28fdbc1\"},\"headline\":\"Anna (24) organiseert oorlogstours in Kiev: &#8220;Ik wil dat mensen zien wat hier gebeurt\",\"datePublished\":\"2025-01-18T16:07:40+00:00\",\"dateModified\":\"2025-01-18T16:13:58+00:00\",\"mainEntityOfPage\":{\"@id\":\"https:\\\/\\\/wartours.in.ua\\\/tr\\\/2025\\\/01\\\/18\\\/anna-24-organiseert-oorlogstours-in-kiev-ik-wil-dat-mensen-zien-wat-hier-gebeurt\\\/\"},\"wordCount\":1413,\"publisher\":{\"@id\":\"https:\\\/\\\/wartours.in.ua\\\/tr\\\/#organization\"},\"image\":{\"@id\":\"https:\\\/\\\/wartours.in.ua\\\/tr\\\/2025\\\/01\\\/18\\\/anna-24-organiseert-oorlogstours-in-kiev-ik-wil-dat-mensen-zien-wat-hier-gebeurt\\\/#primaryimage\"},\"thumbnailUrl\":\"https:\\\/\\\/wartours.in.ua\\\/wp-content\\\/uploads\\\/2025\\\/01\\\/photo_2025-01-18_18-07-14.jpg\",\"keywords\":[\"culture\",\"destruction\",\"heroes\",\"historical places\",\"history\",\"international aid\",\"Kyiv\",\"memory\",\"modern Ukraine\",\"reconstruction\",\"tourism\",\"tourist routes\",\"travel\",\"Ukraine\",\"Volunteering\",\"War tours\",\"war-in-ukraine\"],\"articleSection\":[\"Visit Ukraine\"],\"inLanguage\":\"tr\"},{\"@type\":\"WebPage\",\"@id\":\"https:\\\/\\\/wartours.in.ua\\\/tr\\\/2025\\\/01\\\/18\\\/anna-24-organiseert-oorlogstours-in-kiev-ik-wil-dat-mensen-zien-wat-hier-gebeurt\\\/\",\"url\":\"https:\\\/\\\/wartours.in.ua\\\/tr\\\/2025\\\/01\\\/18\\\/anna-24-organiseert-oorlogstours-in-kiev-ik-wil-dat-mensen-zien-wat-hier-gebeurt\\\/\",\"name\":\"Anna (24) organiseert oorlogstours in Kiev: \\\"Ik wil dat mensen zien wat hier gebeurt - WarTours Ukraine\",\"isPartOf\":{\"@id\":\"https:\\\/\\\/wartours.in.ua\\\/tr\\\/#website\"},\"primaryImageOfPage\":{\"@id\":\"https:\\\/\\\/wartours.in.ua\\\/tr\\\/2025\\\/01\\\/18\\\/anna-24-organiseert-oorlogstours-in-kiev-ik-wil-dat-mensen-zien-wat-hier-gebeurt\\\/#primaryimage\"},\"image\":{\"@id\":\"https:\\\/\\\/wartours.in.ua\\\/tr\\\/2025\\\/01\\\/18\\\/anna-24-organiseert-oorlogstours-in-kiev-ik-wil-dat-mensen-zien-wat-hier-gebeurt\\\/#primaryimage\"},\"thumbnailUrl\":\"https:\\\/\\\/wartours.in.ua\\\/wp-content\\\/uploads\\\/2025\\\/01\\\/photo_2025-01-18_18-07-14.jpg\",\"datePublished\":\"2025-01-18T16:07:40+00:00\",\"dateModified\":\"2025-01-18T16:13:58+00:00\",\"description\":\"Voor honderdvijftig euro kan je een dagtour volgen langs gebombardeerde gebouwen in Kiev om te zien wat de Russische invasie heeft aangericht. Maar is het onschuldig \u2018dark tourism\u2019 of ramptoerisme?\",\"breadcrumb\":{\"@id\":\"https:\\\/\\\/wartours.in.ua\\\/tr\\\/2025\\\/01\\\/18\\\/anna-24-organiseert-oorlogstours-in-kiev-ik-wil-dat-mensen-zien-wat-hier-gebeurt\\\/#breadcrumb\"},\"inLanguage\":\"tr\",\"potentialAction\":[{\"@type\":\"ReadAction\",\"target\":[\"https:\\\/\\\/wartours.in.ua\\\/tr\\\/2025\\\/01\\\/18\\\/anna-24-organiseert-oorlogstours-in-kiev-ik-wil-dat-mensen-zien-wat-hier-gebeurt\\\/\"]}]},{\"@type\":\"ImageObject\",\"inLanguage\":\"tr\",\"@id\":\"https:\\\/\\\/wartours.in.ua\\\/tr\\\/2025\\\/01\\\/18\\\/anna-24-organiseert-oorlogstours-in-kiev-ik-wil-dat-mensen-zien-wat-hier-gebeurt\\\/#primaryimage\",\"url\":\"https:\\\/\\\/wartours.in.ua\\\/wp-content\\\/uploads\\\/2025\\\/01\\\/photo_2025-01-18_18-07-14.jpg\",\"contentUrl\":\"https:\\\/\\\/wartours.in.ua\\\/wp-content\\\/uploads\\\/2025\\\/01\\\/photo_2025-01-18_18-07-14.jpg\",\"width\":960,\"height\":1280},{\"@type\":\"BreadcrumbList\",\"@id\":\"https:\\\/\\\/wartours.in.ua\\\/tr\\\/2025\\\/01\\\/18\\\/anna-24-organiseert-oorlogstours-in-kiev-ik-wil-dat-mensen-zien-wat-hier-gebeurt\\\/#breadcrumb\",\"itemListElement\":[{\"@type\":\"ListItem\",\"position\":1,\"name\":\"\u0413\u043e\u043b\u043e\u0432\u043d\u0430\",\"item\":\"https:\\\/\\\/wartours.in.ua\\\/\"},{\"@type\":\"ListItem\",\"position\":2,\"name\":\"Anna (24) organiseert oorlogstours in Kiev: &#8220;Ik wil dat mensen zien wat hier gebeurt\"}]},{\"@type\":\"WebSite\",\"@id\":\"https:\\\/\\\/wartours.in.ua\\\/tr\\\/#website\",\"url\":\"https:\\\/\\\/wartours.in.ua\\\/tr\\\/\",\"name\":\"WarTours Ukraine\",\"description\":\"Military tourism. Evidence of russian aggression with your own eyes\",\"publisher\":{\"@id\":\"https:\\\/\\\/wartours.in.ua\\\/tr\\\/#organization\"},\"alternateName\":\"Military Tours in Ukraine\",\"potentialAction\":[{\"@type\":\"SearchAction\",\"target\":{\"@type\":\"EntryPoint\",\"urlTemplate\":\"https:\\\/\\\/wartours.in.ua\\\/tr\\\/?s={search_term_string}\"},\"query-input\":{\"@type\":\"PropertyValueSpecification\",\"valueRequired\":true,\"valueName\":\"search_term_string\"}}],\"inLanguage\":\"tr\"},{\"@type\":\"Organization\",\"@id\":\"https:\\\/\\\/wartours.in.ua\\\/tr\\\/#organization\",\"name\":\"WarTours Ukraine\",\"alternateName\":\"MilitaryTours in Ukraine\",\"url\":\"https:\\\/\\\/wartours.in.ua\\\/tr\\\/\",\"logo\":{\"@type\":\"ImageObject\",\"inLanguage\":\"tr\",\"@id\":\"https:\\\/\\\/wartours.in.ua\\\/tr\\\/#\\\/schema\\\/logo\\\/image\\\/\",\"url\":\"https:\\\/\\\/wartours.in.ua\\\/wp-content\\\/uploads\\\/2023\\\/01\\\/logo-04.png\",\"contentUrl\":\"https:\\\/\\\/wartours.in.ua\\\/wp-content\\\/uploads\\\/2023\\\/01\\\/logo-04.png\",\"width\":418,\"height\":129,\"caption\":\"WarTours Ukraine\"},\"image\":{\"@id\":\"https:\\\/\\\/wartours.in.ua\\\/tr\\\/#\\\/schema\\\/logo\\\/image\\\/\"},\"sameAs\":[\"https:\\\/\\\/www.instagram.com\\\/wartours_in_ua\\\/\",\"https:\\\/\\\/www.linkedin.com\\\/company\\\/113094334\\\/admin\\\/dashboard\\\/\"]},{\"@type\":\"Person\",\"@id\":\"https:\\\/\\\/wartours.in.ua\\\/tr\\\/#\\\/schema\\\/person\\\/2f330aa72b72a56601fcc0d5d28fdbc1\",\"name\":\"uawarTours\",\"image\":{\"@type\":\"ImageObject\",\"inLanguage\":\"tr\",\"@id\":\"https:\\\/\\\/secure.gravatar.com\\\/avatar\\\/8d241296dc1b68e540b084de0201701931c22bde5ce47af723f6de7c8e224db5?s=96&d=mm&r=g\",\"url\":\"https:\\\/\\\/secure.gravatar.com\\\/avatar\\\/8d241296dc1b68e540b084de0201701931c22bde5ce47af723f6de7c8e224db5?s=96&d=mm&r=g\",\"contentUrl\":\"https:\\\/\\\/secure.gravatar.com\\\/avatar\\\/8d241296dc1b68e540b084de0201701931c22bde5ce47af723f6de7c8e224db5?s=96&d=mm&r=g\",\"caption\":\"uawarTours\"},\"sameAs\":[\"https:\\\/\\\/wartours.in.ua\"],\"url\":\"https:\\\/\\\/wartours.in.ua\\\/tr\\\/author\\\/uawartours\\\/\"}]}<\/script>\n<!-- \/ Yoast SEO Premium plugin. -->","yoast_head_json":{"title":"Anna (24) Kiev&#039;de gezi turlar\u0131 d\u00fczenliyor: &quot;Ge\u00e7mi\u015fte ne yapaca\u011f\u0131m\u0131 bilece\u011fim - WarTours Ukrayna","description":"Avro, Rusya&#039;n\u0131n i\u015fgaline kar\u015f\u0131 Kiev&#039;deki binalar\u0131 bombalayan bir g\u00fcn olabilir. Maar ramptoerisme&#039;nin &#039;karanl\u0131k turizmi&#039; midir?","robots":{"index":"index","follow":"follow","max-snippet":"max-snippet:-1","max-image-preview":"max-image-preview:large","max-video-preview":"max-video-preview:-1"},"canonical":"https:\/\/wartours.in.ua\/tr\/2025\/01\/18\/anna-24-kiev-039-de-gezi-turlari-organizatoru\/","og_locale":"tr_TR","og_type":"article","og_title":"Anna (24) organiseert oorlogstours in Kiev: \"Ik wil dat mensen zien wat hier gebeurt","og_description":"Voor honderdvijftig euro kan je een dagtour volgen langs gebombardeerde gebouwen in Kiev om te zien wat de Russische invasie heeft aangericht. Maar is het onschuldig \u2018dark tourism\u2019 of ramptoerisme?","og_url":"https:\/\/wartours.in.ua\/tr\/2025\/01\/18\/anna-24-kiev-039-de-gezi-turlari-organizatoru\/","og_site_name":"WarTours Ukraine","article_published_time":"2025-01-18T16:07:40+00:00","article_modified_time":"2025-01-18T16:13:58+00:00","og_image":[{"width":960,"height":1280,"url":"https:\/\/wartours.in.ua\/wp-content\/uploads\/2025\/01\/photo_2025-01-18_18-07-14.jpg","type":"image\/jpeg"}],"author":"uawarTours","twitter_card":"summary_large_image","twitter_misc":{"Yazan:":"uawarTours","Tahmini okuma s\u00fcresi":"8 dakika"},"schema":{"@context":"https:\/\/schema.org","@graph":[{"@type":"Article","@id":"https:\/\/wartours.in.ua\/tr\/2025\/01\/18\/anna-24-organiseert-oorlogstours-in-kiev-ik-wil-dat-mensen-zien-wat-hier-gebeurt\/#article","isPartOf":{"@id":"https:\/\/wartours.in.ua\/tr\/2025\/01\/18\/anna-24-organiseert-oorlogstours-in-kiev-ik-wil-dat-mensen-zien-wat-hier-gebeurt\/"},"author":{"name":"uawarTours","@id":"https:\/\/wartours.in.ua\/tr\/#\/schema\/person\/2f330aa72b72a56601fcc0d5d28fdbc1"},"headline":"Anna (24) organiseert oorlogstours in Kiev: &#8220;Ik wil dat mensen zien wat hier gebeurt","datePublished":"2025-01-18T16:07:40+00:00","dateModified":"2025-01-18T16:13:58+00:00","mainEntityOfPage":{"@id":"https:\/\/wartours.in.ua\/tr\/2025\/01\/18\/anna-24-organiseert-oorlogstours-in-kiev-ik-wil-dat-mensen-zien-wat-hier-gebeurt\/"},"wordCount":1413,"publisher":{"@id":"https:\/\/wartours.in.ua\/tr\/#organization"},"image":{"@id":"https:\/\/wartours.in.ua\/tr\/2025\/01\/18\/anna-24-organiseert-oorlogstours-in-kiev-ik-wil-dat-mensen-zien-wat-hier-gebeurt\/#primaryimage"},"thumbnailUrl":"https:\/\/wartours.in.ua\/wp-content\/uploads\/2025\/01\/photo_2025-01-18_18-07-14.jpg","keywords":["culture","destruction","heroes","historical places","history","international aid","Kyiv","memory","modern Ukraine","reconstruction","tourism","tourist routes","travel","Ukraine","Volunteering","War tours","war-in-ukraine"],"articleSection":["Visit Ukraine"],"inLanguage":"tr"},{"@type":"WebPage","@id":"https:\/\/wartours.in.ua\/tr\/2025\/01\/18\/anna-24-organiseert-oorlogstours-in-kiev-ik-wil-dat-mensen-zien-wat-hier-gebeurt\/","url":"https:\/\/wartours.in.ua\/tr\/2025\/01\/18\/anna-24-organiseert-oorlogstours-in-kiev-ik-wil-dat-mensen-zien-wat-hier-gebeurt\/","name":"Anna (24) Kiev&#039;de gezi turlar\u0131 d\u00fczenliyor: &quot;Ge\u00e7mi\u015fte ne yapaca\u011f\u0131m\u0131 bilece\u011fim - WarTours Ukrayna","isPartOf":{"@id":"https:\/\/wartours.in.ua\/tr\/#website"},"primaryImageOfPage":{"@id":"https:\/\/wartours.in.ua\/tr\/2025\/01\/18\/anna-24-organiseert-oorlogstours-in-kiev-ik-wil-dat-mensen-zien-wat-hier-gebeurt\/#primaryimage"},"image":{"@id":"https:\/\/wartours.in.ua\/tr\/2025\/01\/18\/anna-24-organiseert-oorlogstours-in-kiev-ik-wil-dat-mensen-zien-wat-hier-gebeurt\/#primaryimage"},"thumbnailUrl":"https:\/\/wartours.in.ua\/wp-content\/uploads\/2025\/01\/photo_2025-01-18_18-07-14.jpg","datePublished":"2025-01-18T16:07:40+00:00","dateModified":"2025-01-18T16:13:58+00:00","description":"Avro, Rusya&#039;n\u0131n i\u015fgaline kar\u015f\u0131 Kiev&#039;deki binalar\u0131 bombalayan bir g\u00fcn olabilir. Maar ramptoerisme&#039;nin &#039;karanl\u0131k turizmi&#039; midir?","breadcrumb":{"@id":"https:\/\/wartours.in.ua\/tr\/2025\/01\/18\/anna-24-organiseert-oorlogstours-in-kiev-ik-wil-dat-mensen-zien-wat-hier-gebeurt\/#breadcrumb"},"inLanguage":"tr","potentialAction":[{"@type":"ReadAction","target":["https:\/\/wartours.in.ua\/tr\/2025\/01\/18\/anna-24-organiseert-oorlogstours-in-kiev-ik-wil-dat-mensen-zien-wat-hier-gebeurt\/"]}]},{"@type":"ImageObject","inLanguage":"tr","@id":"https:\/\/wartours.in.ua\/tr\/2025\/01\/18\/anna-24-organiseert-oorlogstours-in-kiev-ik-wil-dat-mensen-zien-wat-hier-gebeurt\/#primaryimage","url":"https:\/\/wartours.in.ua\/wp-content\/uploads\/2025\/01\/photo_2025-01-18_18-07-14.jpg","contentUrl":"https:\/\/wartours.in.ua\/wp-content\/uploads\/2025\/01\/photo_2025-01-18_18-07-14.jpg","width":960,"height":1280},{"@type":"BreadcrumbList","@id":"https:\/\/wartours.in.ua\/tr\/2025\/01\/18\/anna-24-organiseert-oorlogstours-in-kiev-ik-wil-dat-mensen-zien-wat-hier-gebeurt\/#breadcrumb","itemListElement":[{"@type":"ListItem","position":1,"name":"\u0413\u043e\u043b\u043e\u0432\u043d\u0430","item":"https:\/\/wartours.in.ua\/"},{"@type":"ListItem","position":2,"name":"Anna (24) organiseert oorlogstours in Kiev: &#8220;Ik wil dat mensen zien wat hier gebeurt"}]},{"@type":"WebSite","@id":"https:\/\/wartours.in.ua\/tr\/#website","url":"https:\/\/wartours.in.ua\/tr\/","name":"Sava\u015f Turlar\u0131 Ukrayna","description":"Askeri turizm. Kendi g\u00f6zlerinizle Rus sald\u0131rganl\u0131\u011f\u0131n\u0131n kan\u0131t\u0131","publisher":{"@id":"https:\/\/wartours.in.ua\/tr\/#organization"},"alternateName":"Military Tours in Ukraine","potentialAction":[{"@type":"SearchAction","target":{"@type":"EntryPoint","urlTemplate":"https:\/\/wartours.in.ua\/tr\/?s={search_term_string}"},"query-input":{"@type":"PropertyValueSpecification","valueRequired":true,"valueName":"search_term_string"}}],"inLanguage":"tr"},{"@type":"Organization","@id":"https:\/\/wartours.in.ua\/tr\/#organization","name":"Sava\u015f Turlar\u0131 Ukrayna","alternateName":"MilitaryTours in Ukraine","url":"https:\/\/wartours.in.ua\/tr\/","logo":{"@type":"ImageObject","inLanguage":"tr","@id":"https:\/\/wartours.in.ua\/tr\/#\/schema\/logo\/image\/","url":"https:\/\/wartours.in.ua\/wp-content\/uploads\/2023\/01\/logo-04.png","contentUrl":"https:\/\/wartours.in.ua\/wp-content\/uploads\/2023\/01\/logo-04.png","width":418,"height":129,"caption":"WarTours Ukraine"},"image":{"@id":"https:\/\/wartours.in.ua\/tr\/#\/schema\/logo\/image\/"},"sameAs":["https:\/\/www.instagram.com\/wartours_in_ua\/","https:\/\/www.linkedin.com\/company\/113094334\/admin\/dashboard\/"]},{"@type":"Person","@id":"https:\/\/wartours.in.ua\/tr\/#\/schema\/person\/2f330aa72b72a56601fcc0d5d28fdbc1","name":"uawarTurlar","image":{"@type":"ImageObject","inLanguage":"tr","@id":"https:\/\/secure.gravatar.com\/avatar\/8d241296dc1b68e540b084de0201701931c22bde5ce47af723f6de7c8e224db5?s=96&d=mm&r=g","url":"https:\/\/secure.gravatar.com\/avatar\/8d241296dc1b68e540b084de0201701931c22bde5ce47af723f6de7c8e224db5?s=96&d=mm&r=g","contentUrl":"https:\/\/secure.gravatar.com\/avatar\/8d241296dc1b68e540b084de0201701931c22bde5ce47af723f6de7c8e224db5?s=96&d=mm&r=g","caption":"uawarTours"},"sameAs":["https:\/\/wartours.in.ua"],"url":"https:\/\/wartours.in.ua\/tr\/author\/uawartours\/"}]}},"_links":{"self":[{"href":"https:\/\/wartours.in.ua\/tr\/wp-json\/wp\/v2\/posts\/1523","targetHints":{"allow":["GET"]}}],"collection":[{"href":"https:\/\/wartours.in.ua\/tr\/wp-json\/wp\/v2\/posts"}],"about":[{"href":"https:\/\/wartours.in.ua\/tr\/wp-json\/wp\/v2\/types\/post"}],"author":[{"embeddable":true,"href":"https:\/\/wartours.in.ua\/tr\/wp-json\/wp\/v2\/users\/1"}],"replies":[{"embeddable":true,"href":"https:\/\/wartours.in.ua\/tr\/wp-json\/wp\/v2\/comments?post=1523"}],"version-history":[{"count":0,"href":"https:\/\/wartours.in.ua\/tr\/wp-json\/wp\/v2\/posts\/1523\/revisions"}],"wp:featuredmedia":[{"embeddable":true,"href":"https:\/\/wartours.in.ua\/tr\/wp-json\/wp\/v2\/media\/1524"}],"wp:attachment":[{"href":"https:\/\/wartours.in.ua\/tr\/wp-json\/wp\/v2\/media?parent=1523"}],"wp:term":[{"taxonomy":"category","embeddable":true,"href":"https:\/\/wartours.in.ua\/tr\/wp-json\/wp\/v2\/categories?post=1523"},{"taxonomy":"post_tag","embeddable":true,"href":"https:\/\/wartours.in.ua\/tr\/wp-json\/wp\/v2\/tags?post=1523"}],"curies":[{"name":"wp","href":"https:\/\/api.w.org\/{rel}","templated":true}]}}