{"id":1903,"date":"2025-05-10T13:18:21","date_gmt":"2025-05-10T13:18:21","guid":{"rendered":"https:\/\/wartours.in.ua\/?p=1903"},"modified":"2025-05-10T13:21:24","modified_gmt":"2025-05-10T13:21:24","slug":"ukrayna-039-nin-ii-dunya-savasi-039-ndaki-merkezi-rolu","status":"publish","type":"post","link":"https:\/\/wartours.in.ua\/tr\/2025\/05\/10\/ukraine-s-central-role-in-world-war-ii\/","title":{"rendered":"Ukrayna&#039;n\u0131n II. D\u00fcnya Sava\u015f\u0131&#039;ndaki Merkezi Rol\u00fc"},"content":{"rendered":"<div data-elementor-type=\"wp-post\" data-elementor-id=\"1903\" class=\"elementor elementor-1903\" data-elementor-settings=\"{&quot;element_pack_global_tooltip_width&quot;:{&quot;unit&quot;:&quot;px&quot;,&quot;size&quot;:&quot;&quot;,&quot;sizes&quot;:[]},&quot;element_pack_global_tooltip_width_tablet&quot;:{&quot;unit&quot;:&quot;px&quot;,&quot;size&quot;:&quot;&quot;,&quot;sizes&quot;:[]},&quot;element_pack_global_tooltip_width_mobile&quot;:{&quot;unit&quot;:&quot;px&quot;,&quot;size&quot;:&quot;&quot;,&quot;sizes&quot;:[]},&quot;element_pack_global_tooltip_padding&quot;:{&quot;unit&quot;:&quot;px&quot;,&quot;top&quot;:&quot;&quot;,&quot;right&quot;:&quot;&quot;,&quot;bottom&quot;:&quot;&quot;,&quot;left&quot;:&quot;&quot;,&quot;isLinked&quot;:true},&quot;element_pack_global_tooltip_padding_tablet&quot;:{&quot;unit&quot;:&quot;px&quot;,&quot;top&quot;:&quot;&quot;,&quot;right&quot;:&quot;&quot;,&quot;bottom&quot;:&quot;&quot;,&quot;left&quot;:&quot;&quot;,&quot;isLinked&quot;:true},&quot;element_pack_global_tooltip_padding_mobile&quot;:{&quot;unit&quot;:&quot;px&quot;,&quot;top&quot;:&quot;&quot;,&quot;right&quot;:&quot;&quot;,&quot;bottom&quot;:&quot;&quot;,&quot;left&quot;:&quot;&quot;,&quot;isLinked&quot;:true},&quot;element_pack_global_tooltip_border_radius&quot;:{&quot;unit&quot;:&quot;px&quot;,&quot;top&quot;:&quot;&quot;,&quot;right&quot;:&quot;&quot;,&quot;bottom&quot;:&quot;&quot;,&quot;left&quot;:&quot;&quot;,&quot;isLinked&quot;:true},&quot;element_pack_global_tooltip_border_radius_tablet&quot;:{&quot;unit&quot;:&quot;px&quot;,&quot;top&quot;:&quot;&quot;,&quot;right&quot;:&quot;&quot;,&quot;bottom&quot;:&quot;&quot;,&quot;left&quot;:&quot;&quot;,&quot;isLinked&quot;:true},&quot;element_pack_global_tooltip_border_radius_mobile&quot;:{&quot;unit&quot;:&quot;px&quot;,&quot;top&quot;:&quot;&quot;,&quot;right&quot;:&quot;&quot;,&quot;bottom&quot;:&quot;&quot;,&quot;left&quot;:&quot;&quot;,&quot;isLinked&quot;:true}}\" data-elementor-post-type=\"post\">\n\t\t\t\t\t\t<section class=\"elementor-section elementor-top-section elementor-element elementor-element-72c782d elementor-section-boxed elementor-section-height-default elementor-section-height-default\" data-id=\"72c782d\" data-element_type=\"section\" data-e-type=\"section\">\n\t\t\t\t\t\t<div class=\"elementor-container elementor-column-gap-default\">\n\t\t\t\t\t<div class=\"elementor-column elementor-col-100 elementor-top-column elementor-element elementor-element-dc359db\" data-id=\"dc359db\" data-element_type=\"column\" data-e-type=\"column\">\n\t\t\t<div class=\"elementor-widget-wrap elementor-element-populated\">\n\t\t\t\t\t\t<div class=\"elementor-element elementor-element-9cd4d88 elementor-widget elementor-widget-text-editor\" data-id=\"9cd4d88\" data-element_type=\"widget\" data-e-type=\"widget\" data-widget_type=\"text-editor.default\">\n\t\t\t\t<div class=\"elementor-widget-container\">\n\t\t\t\t\t\t\t\t\t<h2 data-pm-slice=\"1 1 []\"><span style=\"color: #000000;\">girii\u015f<\/span><\/h2><p><span style=\"color: #000000;\">II. D\u00fcnya Sava\u015f\u0131, k\u00fcresel siyasal ve toplumsal manzaray\u0131 k\u00f6kten de\u011fi\u015ftirdi ve bunun etkileri d\u00fcnya \u00e7ap\u0131nda hissedildi. Derinden etkilenen ancak daha geni\u015f tarihsel anlat\u0131larda yeterince temsil edilmeyen \u00fclkeler aras\u0131nda Ukrayna da yer al\u0131yor. Do\u011fu Avrupa&#039;da stratejik bir konumda bulunan Ukrayna, sava\u015f\u0131 benzersiz bir yo\u011funluk ve karma\u015f\u0131kl\u0131kla ya\u015fad\u0131. Bu monografi, Ukrayna&#039;n\u0131n sava\u015f s\u0131ras\u0131nda oynad\u0131\u011f\u0131 \u00f6nemli rol\u00fc kapsaml\u0131 bir \u015fekilde incelemeyi, \u00fclkenin katk\u0131lar\u0131n\u0131, m\u00fccadelelerini ve dayan\u0131kl\u0131l\u0131\u011f\u0131n\u0131 belirgin bir Ukraynamerkezli bak\u0131\u015f a\u00e7\u0131s\u0131yla vurgulamay\u0131 ama\u00e7lamaktad\u0131r. Bu \u00e7al\u0131\u015fma, titiz tarihsel analizler yoluyla Ukrayna&#039;n\u0131n sava\u015f tarihiyle ilgili az bilinen y\u00f6nleri vurgulayarak, \u00e7at\u0131\u015fman\u0131n daha ayr\u0131nt\u0131l\u0131 bir \u015fekilde anla\u015f\u0131lmas\u0131na katk\u0131da bulunmay\u0131 ama\u00e7lamaktad\u0131r. Ayr\u0131ca bu analiz, II. D\u00fcnya Sava\u015f\u0131&#039;n\u0131n Ukrayna&#039;n\u0131n \u00e7a\u011fda\u015f ulusal bilinci ve siyasi ger\u00e7eklikleri \u00fczerindeki etkilerini ara\u015ft\u0131racak, kapsaml\u0131 bir bak\u0131\u015f a\u00e7\u0131s\u0131 sa\u011flamak i\u00e7in \u00e7e\u015fitli akademik kaynaklar\u0131 ve birinci elden anlat\u0131mlar\u0131 birle\u015ftirecektir.<\/span><\/p><h2><span style=\"color: #000000;\">Ukrayna II. D\u00fcnya Sava\u015f\u0131&#039;n\u0131n Arifesinde<\/span><\/h2><p><span style=\"color: #000000;\">1930&#039;lar\u0131n sonlar\u0131na do\u011fru Ukrayna&#039;n\u0131n jeopolitik durumu Polonya, Romanya, \u00c7ekoslovakya ve a\u011f\u0131rl\u0131kl\u0131 olarak Sovyetler Birli\u011fi olmak \u00fczere \u00e7e\u015fitli ulusal birimler aras\u0131nda par\u00e7alanm\u0131\u015ft\u0131. Ukrayna, siyasi a\u00e7\u0131dan ciddi istikrars\u0131zl\u0131k, ekonomik e\u015fitsizlikler ve artan k\u00fclt\u00fcrel gerginliklerle karakterize ediliyordu. Polonya ve Romanya y\u00f6netimi alt\u0131ndaki Bat\u0131 Ukrayna topraklar\u0131, sald\u0131rgan asimilasyon politikalar\u0131, ekonomik ihmal ve Ukrayna kimli\u011finin bast\u0131r\u0131lmas\u0131yla kar\u015f\u0131 kar\u015f\u0131ya kald\u0131. Buna kar\u015f\u0131l\u0131k, Sovyet Ukraynas\u0131, ac\u0131mas\u0131z kolektivizasyon politikalar\u0131 alt\u0131nda sanayile\u015fmi\u015f olmas\u0131na ra\u011fmen, yo\u011fun siyasi tasfiyeler ve yayg\u0131n k\u0131tl\u0131klarla kar\u015f\u0131 kar\u015f\u0131ya kald\u0131; bunlar\u0131n en \u00f6nemlisi, milyonlarca cana mal olan 1932-1933 Holodomor&#039;uydu. Bu travmatik deneyimler, II. D\u00fcnya Sava\u015f\u0131 yakla\u015f\u0131rken Ukrayna toplumunda ortaya \u00e7\u0131kan sava\u015f zaman\u0131 tutum ve ba\u011fl\u0131l\u0131klar\u0131n\u0131n olu\u015fumuna \u00f6nemli \u00f6l\u00e7\u00fcde katk\u0131da bulunmu\u015ftur. Ayr\u0131ca Ukrayna Milliyet\u00e7ileri \u00d6rg\u00fct\u00fc (OUN) gibi Ukrayna ulusal hareketleri ivme kazanmaya ba\u015flad\u0131, siyasi bir hararet ortam\u0131 olu\u015ftu ve ulusal \u00f6zerkli\u011fe y\u00f6nelik beklentiler artt\u0131.<\/span><\/p><h2><span style=\"color: #000000;\">Sava\u015f\u0131n Ba\u015flamas\u0131: \u0130lk Kar\u015f\u0131la\u015fmalar ve Tepkiler<\/span><\/h2><p><span style=\"color: #000000;\">A\u011fustos 1939&#039;da imzalanan ve Molotov-Ribbentrop Pakt\u0131 olarak da bilinen Nazi-Sovyet Pakt\u0131, Ukrayna&#039;n\u0131n s\u0131n\u0131rlar\u0131n\u0131 ve toplumsal dinamiklerini k\u00f6kten de\u011fi\u015ftirdi. Eyl\u00fcl 1939&#039;da Polonya&#039;n\u0131n Sovyet-Alman ortak i\u015fgali, Bat\u0131 Ukrayna&#039;y\u0131 Sovyet kontrol\u00fc alt\u0131na soktu ve bunun sonucunda kitlesel s\u00fcrg\u00fcnler, infazlar ve Polonya ile Ukrayna&#039;daki milliyet\u00e7i direni\u015fi ortadan kald\u0131rmay\u0131 ama\u00e7layan sald\u0131rgan Sovyetle\u015ftirme kampanyalar\u0131 ya\u015fand\u0131. Ukrayna toplumunun ilk tepkileri kar\u0131\u015f\u0131kt\u0131; Kimileri Sovyet y\u00f6netimini bask\u0131c\u0131 Polonya hakimiyetinden kurtulu\u015f olarak kar\u015f\u0131larken, kimileri de Sovyet varl\u0131\u011f\u0131n\u0131 yenilenen bir bask\u0131 dalgas\u0131 olarak alg\u0131lad\u0131. Bu karma\u015f\u0131k dinamikler, 1941&#039;deki Alman i\u015fgali s\u0131ras\u0131nda Ukrayna&#039;n\u0131n tepkilerini etkileyerek, \u00e7e\u015fitli i\u015fbirliklerine ve direni\u015flere yol a\u00e7t\u0131. Ayr\u0131ca erken i\u015fgal d\u00f6nemi, sonraki tarihsel anlat\u0131lar\u0131 derinden etkilemi\u015f ve yerel halk\u0131n ba\u011fl\u0131l\u0131klar\u0131n\u0131 ve siyasi sempatisini etkilemi\u015ftir.<\/span><\/p><h2><span style=\"color: #000000;\">Ukrayna&#039;n\u0131n Nazi \u0130\u015fgali (1941\u20131944)<\/span><\/h2><p><span style=\"color: #000000;\">Nazi Almanyas\u0131&#039;n\u0131n 1941 y\u0131l\u0131n\u0131n Haziran ay\u0131nda ba\u015flatt\u0131\u011f\u0131 Barbarossa Harekat\u0131, Ukrayna&#039;y\u0131 sava\u015f\u0131n merkezi bir alan\u0131na d\u00f6n\u00fc\u015ft\u00fcrd\u00fc. Alman i\u015fgali alt\u0131ndaki Ukrayna, Nazilerin Do\u011fu Avrupa&#039;da \u0131rksal yeniden d\u00fczenleme ve ekonomik \u00e7\u0131kar sa\u011flamay\u0131 ama\u00e7layan Generalplan Ost&#039;unun bir par\u00e7as\u0131 olarak ac\u0131mas\u0131z s\u00f6m\u00fcr\u00fcye maruz kald\u0131. Milyonlarca Ukraynal\u0131 zorunlu \u00e7al\u0131\u015fmaya, s\u00fcrg\u00fcne, a\u00e7l\u0131\u011fa ve yayg\u0131n vah\u015fete maruz kald\u0131. Alman i\u015fgal rejimi, Ukrayna&#039;n\u0131n ekonomik altyap\u0131s\u0131n\u0131, \u00f6zellikle de tar\u0131m\u0131n\u0131 sistematik bir \u015fekilde ortadan kald\u0131rd\u0131; bu da y\u0131k\u0131c\u0131 k\u0131tl\u0131klara ve b\u00fcy\u00fck insan ac\u0131lar\u0131na yol a\u00e7t\u0131. Almanya&#039;n\u0131n Ukrayna&#039;ya \u00f6zerklik tan\u0131yaca\u011f\u0131 y\u00f6n\u00fcndeki ilk umutlara ra\u011fmen, ac\u0131 ger\u00e7ekler k\u0131sa s\u00fcrede yayg\u0131n bir hayal k\u0131r\u0131kl\u0131\u011f\u0131na ve artan bir direni\u015fe yol a\u00e7t\u0131. Bu d\u00f6nemde ayn\u0131 zamanda partizanlara kar\u015f\u0131 ac\u0131mas\u0131z bir sava\u015f, sivillere kar\u015f\u0131 artan \u015fiddet ve zorunlu n\u00fcfus hareketlerinden kaynaklanan \u00f6nemli demografik de\u011fi\u015fimler ya\u015fand\u0131.<\/span><\/p><h2><span style=\"color: #000000;\">Ukrayna Direni\u015f Hareketi<\/span><\/h2><p><span style=\"color: #000000;\">Ukrayna&#039;da direni\u015f \u00e7e\u015fitli bi\u00e7imlerde ve fraksiyonlarda ortaya \u00e7\u0131kt\u0131; bunlar\u0131n ba\u015fl\u0131calar\u0131 Sovyet partizan gruplar\u0131 ve Ukrayna \u0130syan Ordusu&#039;dur (UPA). Esas olarak Ukrayna&#039;n\u0131n kuzey ve do\u011fusunda faaliyet g\u00f6steren Sovyet partizanlar\u0131, \u00f6nceki Sovyet politikalar\u0131 ve eylemleri nedeniyle s\u0131k s\u0131k yerel \u015f\u00fcphecilik ve d\u00fc\u015fmanl\u0131kla kar\u015f\u0131 kar\u015f\u0131ya kal\u0131yordu. \u00d6te yandan, esas olarak Bat\u0131 Ukrayna&#039;da faaliyet g\u00f6steren UPA, hem Nazi hem de Sovyet g\u00fc\u00e7lerine kar\u015f\u0131 gerilla sava\u015f\u0131 y\u00fcr\u00fctt\u00fc ve ba\u011f\u0131ms\u0131z bir Ukrayna&#039;y\u0131 savundu. \u0130\u00e7 ideolojik ve stratejik b\u00f6l\u00fcnmelere ra\u011fmen Ukrayna direni\u015fi, Alman askeri ve lojistik kabiliyetlerini \u00f6nemli \u00f6l\u00e7\u00fcde engelledi ve daha geni\u015f kapsaml\u0131 Nazi kar\u015f\u0131t\u0131 \u00e7abalara katk\u0131da bulundu. Farkl\u0131 direni\u015f gruplar\u0131 aras\u0131ndaki karma\u015f\u0131k etkile\u015fimler, Ukrayna&#039;n\u0131n sava\u015f deneyiminin \u00e7ok y\u00f6nl\u00fc do\u011fas\u0131n\u0131 vurgulamaktad\u0131r. Ayr\u0131ca direni\u015fin sivil halk \u00fczerindeki etkisi, i\u015fgalci g\u00fc\u00e7lerin sert misillemeleriyle birlikte, kolektif haf\u0131zay\u0131 ve sava\u015f sonras\u0131 anlat\u0131lar\u0131 \u00f6nemli \u00f6l\u00e7\u00fcde \u015fekillendirdi.<\/span><\/p><h2><span style=\"color: #000000;\">Ukrayna Do\u011fu Avrupa&#039;n\u0131n \u00d6nemli Cephesi<\/span><\/h2><p><span style=\"color: #000000;\">Ukrayna, II. D\u00fcnya Sava\u015f\u0131&#039;n\u0131n Do\u011fu Cephesi&#039;ni \u00f6nemli \u00f6l\u00e7\u00fcde \u015fekillendiren bir\u00e7ok \u00f6nemli muharebeye ev sahipli\u011fi yapm\u0131\u015ft\u0131r. Kiev, Odesa, Sivastopol ve Harkov muharebeleri ile Korsun-\u015eev\u00e7enkovski Taarruzu, Do\u011fu Cephesi&#039;nin genel gidi\u015fat\u0131n\u0131 belirlemede \u00f6nemli rol oynad\u0131. Bu \u00e7at\u0131\u015fmalar \u00e7ok b\u00fcy\u00fck can kay\u0131plar\u0131na, y\u0131k\u0131c\u0131 kentsel y\u0131k\u0131mlara ve \u00f6nemli sivil ac\u0131lara yol a\u00e7t\u0131. Ukrayna&#039;n\u0131n stratejik \u00f6nemi, tar\u0131msal ve end\u00fcstriyel kapasitesi, kritik demir yolu kav\u015faklar\u0131 ve Sovyetler Birli\u011fi&#039;nin kalbine a\u00e7\u0131lan bir kap\u0131 konumunda olmas\u0131ndan kaynaklanmaktad\u0131r. Sava\u015f s\u0131ras\u0131nda ya\u015fanan insan ve malzeme harcamalar\u0131, Ukrayna&#039;n\u0131n kritik stratejik de\u011ferini bir kez daha ortaya koydu. Ayr\u0131ca, Ukrayna&#039;daki de\u011fi\u015fen cephe hatlar\u0131, \u00e7at\u0131\u015fman\u0131n her iki taraf\u0131ndaki askeri stratejileri, kaynak da\u011f\u0131t\u0131m\u0131n\u0131 ve genel morali \u00f6nemli \u00f6l\u00e7\u00fcde etkiledi.<\/span><\/p><h2><span style=\"color: #000000;\">Holokost ve Ukrayna Yahudileri<\/span><\/h2><p><span style=\"color: #000000;\">Ukrayna&#039;daki Holokost, benzeri g\u00f6r\u00fclmemi\u015f bir vah\u015fetle karakterize edildi ve yakla\u015f\u0131k 1,5 milyon Ukraynal\u0131 Yahudi \u00f6ld\u00fcr\u00fcld\u00fc. Kiev&#039;deki Babi Yar katliam\u0131 gibi k\u00f6t\u00fc \u015f\u00f6hretli vah\u015fetler, Nazi rejiminin soyk\u0131r\u0131m politikalar\u0131n\u0131n boyutunu g\u00f6zler \u00f6n\u00fcne seriyor. Ukraynal\u0131lar aras\u0131ndaki farkl\u0131 d\u00fczeylerdeki i\u015fbirli\u011fi ve direni\u015f de dahil olmak \u00fczere karma\u015f\u0131k yerel dinamikler, kolektif haf\u0131za, sorumluluk ve tarihsel yorumlama konusundaki s\u00fcregelen tart\u0131\u015fmalara katk\u0131da bulunmaktad\u0131r. Bu b\u00f6l\u00fcm bu zor sorular\u0131 samimiyetle ele al\u0131yor, daha geni\u015f toplumsal etkileri ve bu olaylar\u0131n Ukrayna-Yahudi ili\u015fkileri ve tarihsel bilin\u00e7 \u00fczerindeki uzun vadeli etkilerini ara\u015ft\u0131r\u0131yor. Ayr\u0131ca bu trajedileri anmak ve hassas tarihi konular etraf\u0131nda diyalo\u011fu te\u015fvik etmek i\u00e7in g\u00fcn\u00fcm\u00fczde yap\u0131lan \u00e7abalar\u0131 da inceliyor.<\/span><\/p><h2><span style=\"color: #000000;\">Uluslararas\u0131 Politikada Ukrayna Sorunu<\/span><\/h2><p><span style=\"color: #000000;\">II. D\u00fcnya Sava\u015f\u0131 s\u0131ras\u0131nda Ukrayna&#039;n\u0131n siyasi kaderi M\u00fcttefikler aras\u0131nda uluslararas\u0131 tart\u0131\u015fma konusu haline geldi. Tahran, Yalta ve Potsdam&#039;daki konferanslarda Ukrayna&#039;n\u0131n stratejik \u00f6nemi kabul edildi, ancak Ukrayna&#039;n\u0131n egemenlik \u00f6zlemleri, daha geni\u015f jeopolitik kayg\u0131lar lehine b\u00fcy\u00fck \u00f6l\u00e7\u00fcde g\u00f6z ard\u0131 edildi. Bu diplomatik ihmalin sava\u015f sonras\u0131 Ukrayna&#039;da kal\u0131c\u0131 sonu\u00e7lar\u0131 oldu, Sovyet hakimiyetinin g\u00fc\u00e7lenmesine ve Ukrayna&#039;n\u0131n ba\u011f\u0131ms\u0131zl\u0131\u011f\u0131n\u0131n gecikmesine yol a\u00e7t\u0131. Bu b\u00f6l\u00fcmde, diplomatik al\u0131\u015fveri\u015fler, siyasi manevralar ve uluslararas\u0131 toplumun Ukrayna&#039;n\u0131n sava\u015f sonras\u0131 stat\u00fcs\u00fcne ili\u015fkin kararlar\u0131n\u0131n ard\u0131ndaki gerek\u00e7eler analiz edilerek, daha geni\u015f jeopolitik stratejiler ve diplomatik m\u00fczakereler hakk\u0131nda fikir edinilmektedir.<\/span><\/p><h2 data-pm-slice=\"1 1 []\"><span style=\"color: #000000;\">Sava\u015f Sonras\u0131 Ukrayna: Miras ve Modern Kimlik<\/span><\/h2><p><span style=\"color: #000000;\">Sava\u015f sonras\u0131 d\u00f6nemde Ukrayna&#039;da zorunlu g\u00f6\u00e7ler, yeniden yerle\u015fimler ve s\u00fcrekli Sovyet bask\u0131s\u0131 nedeniyle kapsaml\u0131 demografik ve k\u00fclt\u00fcrel d\u00f6n\u00fc\u015f\u00fcmler ya\u015fand\u0131. Sava\u015f\u0131n hat\u0131ras\u0131, Ukraynal\u0131lar\u0131n toplumsal kimli\u011fini derinden etkileyerek gurur, travma ve tart\u0131\u015fmal\u0131 tarihsel yorumlamalarla dolu karma\u015f\u0131k bir miras yaratt\u0131. \u00c7a\u011fda\u015f Ukrayna, ulusal s\u00f6ylemi, k\u00fclt\u00fcrel kimli\u011fi ve uluslararas\u0131 ili\u015fkileri \u00f6nemli \u00f6l\u00e7\u00fcde etkileyen bu karma\u015f\u0131k mirasla bo\u011fu\u015fmaya devam ediyor. Bu b\u00f6l\u00fcmde bu dinamikler kapsaml\u0131 bir \u015fekilde inceleniyor ve sava\u015f\u0131n Ukrayna toplumu \u00fczerindeki kal\u0131c\u0131 etkisi inceleniyor.<\/span><\/p><h2><span style=\"color: #000000;\">Tarihsel Kaynaklar\u0131n Kar\u015f\u0131la\u015ft\u0131rmal\u0131 Analizi<\/span><\/h2><p><span style=\"color: #000000;\">Bu b\u00f6l\u00fcmde Ukrayna, Avrupa ve Amerika Birle\u015fik Devletleri&#039;ndeki ar\u015fiv kaynaklar\u0131n\u0131n titiz bir kar\u015f\u0131la\u015ft\u0131rmal\u0131 analizi y\u00fcr\u00fct\u00fclmektedir. \u0130nceleme, II. D\u00fcnya Sava\u015f\u0131&#039;n\u0131n Ukrayna&#039;da farkl\u0131 tarihsel anlat\u0131larda nas\u0131l tasvir edildi\u011fine ili\u015fkin \u00f6nemli tutars\u0131zl\u0131klar\u0131 ve \u00f6nyarg\u0131lar\u0131 ortaya koyuyor. Bu farkl\u0131l\u0131klar\u0131n vurgulanmas\u0131, dengeli ve kapsay\u0131c\u0131 bir tarih yaz\u0131m\u0131n\u0131n gereklili\u011fini vurgular. Ayr\u0131ca, mevcut akademik \u00e7al\u0131\u015fmalardaki bo\u015fluklar\u0131 belirleyerek daha kapsaml\u0131 ve ayr\u0131nt\u0131l\u0131 bir anlay\u0131\u015fa ula\u015fmak i\u00e7in s\u00fcrekli ve titiz akademik ara\u015ft\u0131rmalar\u0131n yap\u0131lmas\u0131n\u0131 savunmaktad\u0131r.<\/span><\/p><h2><span style=\"color: #000000;\">Sonu\u00e7lar<\/span><\/h2><p><span style=\"color: #000000;\">Ukrayna&#039;n\u0131n II. D\u00fcnya Sava\u015f\u0131 s\u0131ras\u0131nda oynad\u0131\u011f\u0131 merkezi rol, daha geni\u015f tarihsel, toplumsal ve politik geli\u015fmelere ili\u015fkin \u00f6nemli i\u00e7g\u00f6r\u00fcler sunmaktad\u0131r. Bu rol\u00fcn tan\u0131nmas\u0131 ve anla\u015f\u0131lmas\u0131, Ukrayna&#039;n\u0131n sava\u015f zaman\u0131 deneyimlerinin karma\u015f\u0131kl\u0131\u011f\u0131n\u0131 ve \u00f6nemini vurgulayarak daha kapsaml\u0131 bir tarihsel anlat\u0131n\u0131n olu\u015fmas\u0131na katk\u0131da bulunur. Ukrayna&#039;n\u0131n II. D\u00fcnya Sava\u015f\u0131 tarihine ili\u015fkin daha fazla ara\u015ft\u0131rma yap\u0131lmas\u0131, akademik anlay\u0131\u015f\u0131n geli\u015fmesini ve daha geni\u015f kitlelerde daha derin bir tarihsel fark\u0131ndal\u0131k yarat\u0131lmas\u0131n\u0131 sa\u011flayacakt\u0131r.<\/span><\/p>\t\t\t\t\t\t\t\t<\/div>\n\t\t\t\t<\/div>\n\t\t\t\t\t<\/div>\n\t\t<\/div>\n\t\t\t\t\t<\/div>\n\t\t<\/section>\n\t\t\t\t<\/div>","protected":false},"excerpt":{"rendered":"<p>Introduction World War II dramatically altered the global political and social landscape, with ramifications felt worldwide. Among the nations deeply impacted yet [&hellip;]<\/p>\n","protected":false},"author":1,"featured_media":1904,"comment_status":"closed","ping_status":"closed","sticky":false,"template":"","format":"standard","meta":{"footnotes":""},"categories":[1],"tags":[1141,1137,1158,1148,1157,1153,1155,710,1150,596,202,1156,1144,1138,1145,1140,1143,1154,1152,1136,1146,1139,195,477,1142,1149,1147,674,1135,1151],"class_list":["post-1903","post","type-post","status-publish","format-standard","has-post-thumbnail","hentry","category-visitukraine","tag-babi-yar","tag-eastern-front","tag-european-history","tag-generalplan-ost","tag-geopolitical-history","tag-historical-analysis","tag-historiography","tag-holocaust","tag-international-diplomacy","tag-kharkiv","tag-kyiv","tag-memory-studies","tag-molotov-ribbentrop-pact","tag-nazi-occupation","tag-odessa","tag-operation-barbarossa","tag-partisan-warfare","tag-post-war-ukraine","tag-potsdam-conference","tag-second-world-war","tag-sevastopol","tag-soviet-union","tag-ukraine","tag-ukrainian-history","tag-ukrainian-insurgent-army","tag-ukrainian-jews","tag-ukrainian-nationalism","tag-ukrainian-resistance","tag-wwii","tag-yalta-conference"],"yoast_head":"<!-- This site is optimized with the Yoast SEO Premium plugin v27.4 (Yoast SEO v27.5) - https:\/\/yoast.com\/product\/yoast-seo-premium-wordpress\/ -->\n<title>Ukraine&#039;s Central Role in World War II - WarTours Ukraine<\/title>\n<meta name=\"description\" content=\"Among the nations deeply impacted yet frequently underrepresented in broader historical narratives is Ukraine.\" \/>\n<meta name=\"robots\" content=\"index, follow, max-snippet:-1, max-image-preview:large, max-video-preview:-1\" \/>\n<link rel=\"canonical\" href=\"https:\/\/wartours.in.ua\/tr\/2025\/05\/10\/ukrayna-039-nin-ii-dunya-savasi-039-ndaki-merkezi-rolu\/\" \/>\n<meta property=\"og:locale\" content=\"tr_TR\" \/>\n<meta property=\"og:type\" content=\"article\" \/>\n<meta property=\"og:title\" content=\"Ukraine&#039;s Central Role in World War II\" \/>\n<meta property=\"og:description\" content=\"Among the nations deeply impacted yet frequently underrepresented in broader historical narratives is Ukraine.\" \/>\n<meta property=\"og:url\" content=\"https:\/\/wartours.in.ua\/tr\/2025\/05\/10\/ukrayna-039-nin-ii-dunya-savasi-039-ndaki-merkezi-rolu\/\" \/>\n<meta property=\"og:site_name\" content=\"WarTours Ukraine\" \/>\n<meta property=\"article:published_time\" content=\"2025-05-10T13:18:21+00:00\" \/>\n<meta property=\"article:modified_time\" content=\"2025-05-10T13:21:24+00:00\" \/>\n<meta property=\"og:image\" content=\"https:\/\/wartours.in.ua\/wp-content\/uploads\/2025\/05\/Ukraines-Central-Role-in-World-War-II.jpg\" \/>\n\t<meta property=\"og:image:width\" content=\"959\" \/>\n\t<meta property=\"og:image:height\" content=\"641\" \/>\n\t<meta property=\"og:image:type\" content=\"image\/jpeg\" \/>\n<meta name=\"author\" content=\"uawarTours\" \/>\n<meta name=\"twitter:card\" content=\"summary_large_image\" \/>\n<meta name=\"twitter:label1\" content=\"Yazan:\" \/>\n\t<meta name=\"twitter:data1\" content=\"uawarTours\" \/>\n\t<meta name=\"twitter:label2\" content=\"Tahmini okuma s\u00fcresi\" \/>\n\t<meta name=\"twitter:data2\" content=\"7 dakika\" \/>\n<script type=\"application\/ld+json\" class=\"yoast-schema-graph\">{\"@context\":\"https:\\\/\\\/schema.org\",\"@graph\":[{\"@type\":\"Article\",\"@id\":\"https:\\\/\\\/wartours.in.ua\\\/tr\\\/2025\\\/05\\\/10\\\/ukraine-s-central-role-in-world-war-ii\\\/#article\",\"isPartOf\":{\"@id\":\"https:\\\/\\\/wartours.in.ua\\\/tr\\\/2025\\\/05\\\/10\\\/ukraine-s-central-role-in-world-war-ii\\\/\"},\"author\":{\"name\":\"uawarTours\",\"@id\":\"https:\\\/\\\/wartours.in.ua\\\/tr\\\/#\\\/schema\\\/person\\\/2f330aa72b72a56601fcc0d5d28fdbc1\"},\"headline\":\"Ukraine&#8217;s Central Role in World War II\",\"datePublished\":\"2025-05-10T13:18:21+00:00\",\"dateModified\":\"2025-05-10T13:21:24+00:00\",\"mainEntityOfPage\":{\"@id\":\"https:\\\/\\\/wartours.in.ua\\\/tr\\\/2025\\\/05\\\/10\\\/ukraine-s-central-role-in-world-war-ii\\\/\"},\"wordCount\":1155,\"publisher\":{\"@id\":\"https:\\\/\\\/wartours.in.ua\\\/tr\\\/#organization\"},\"image\":{\"@id\":\"https:\\\/\\\/wartours.in.ua\\\/tr\\\/2025\\\/05\\\/10\\\/ukraine-s-central-role-in-world-war-ii\\\/#primaryimage\"},\"thumbnailUrl\":\"https:\\\/\\\/wartours.in.ua\\\/wp-content\\\/uploads\\\/2025\\\/05\\\/Ukraines-Central-Role-in-World-War-II.jpg\",\"keywords\":[\"Babi Yar\",\"Eastern Front\",\"European history\",\"Generalplan Ost\",\"geopolitical history\",\"historical analysis\",\"historiography\",\"Holocaust\",\"international diplomacy\",\"Kharkiv\",\"Kyiv\",\"memory studies\",\"Molotov-Ribbentrop Pact\",\"Nazi occupation\",\"Odessa\",\"Operation Barbarossa\",\"Partisan warfare\",\"post-war Ukraine\",\"Potsdam Conference\",\"Second World War\",\"Sevastopol\",\"Soviet Union\",\"Ukraine\",\"Ukrainian history\",\"Ukrainian Insurgent Army\",\"Ukrainian Jews\",\"Ukrainian nationalism\",\"Ukrainian resistance\",\"WWII\",\"Yalta Conference\"],\"articleSection\":[\"Visit Ukraine\"],\"inLanguage\":\"tr\"},{\"@type\":\"WebPage\",\"@id\":\"https:\\\/\\\/wartours.in.ua\\\/tr\\\/2025\\\/05\\\/10\\\/ukraine-s-central-role-in-world-war-ii\\\/\",\"url\":\"https:\\\/\\\/wartours.in.ua\\\/tr\\\/2025\\\/05\\\/10\\\/ukraine-s-central-role-in-world-war-ii\\\/\",\"name\":\"Ukraine's Central Role in World War II - WarTours Ukraine\",\"isPartOf\":{\"@id\":\"https:\\\/\\\/wartours.in.ua\\\/tr\\\/#website\"},\"primaryImageOfPage\":{\"@id\":\"https:\\\/\\\/wartours.in.ua\\\/tr\\\/2025\\\/05\\\/10\\\/ukraine-s-central-role-in-world-war-ii\\\/#primaryimage\"},\"image\":{\"@id\":\"https:\\\/\\\/wartours.in.ua\\\/tr\\\/2025\\\/05\\\/10\\\/ukraine-s-central-role-in-world-war-ii\\\/#primaryimage\"},\"thumbnailUrl\":\"https:\\\/\\\/wartours.in.ua\\\/wp-content\\\/uploads\\\/2025\\\/05\\\/Ukraines-Central-Role-in-World-War-II.jpg\",\"datePublished\":\"2025-05-10T13:18:21+00:00\",\"dateModified\":\"2025-05-10T13:21:24+00:00\",\"description\":\"Among the nations deeply impacted yet frequently underrepresented in broader historical narratives is Ukraine.\",\"breadcrumb\":{\"@id\":\"https:\\\/\\\/wartours.in.ua\\\/tr\\\/2025\\\/05\\\/10\\\/ukraine-s-central-role-in-world-war-ii\\\/#breadcrumb\"},\"inLanguage\":\"tr\",\"potentialAction\":[{\"@type\":\"ReadAction\",\"target\":[\"https:\\\/\\\/wartours.in.ua\\\/tr\\\/2025\\\/05\\\/10\\\/ukraine-s-central-role-in-world-war-ii\\\/\"]}]},{\"@type\":\"ImageObject\",\"inLanguage\":\"tr\",\"@id\":\"https:\\\/\\\/wartours.in.ua\\\/tr\\\/2025\\\/05\\\/10\\\/ukraine-s-central-role-in-world-war-ii\\\/#primaryimage\",\"url\":\"https:\\\/\\\/wartours.in.ua\\\/wp-content\\\/uploads\\\/2025\\\/05\\\/Ukraines-Central-Role-in-World-War-II.jpg\",\"contentUrl\":\"https:\\\/\\\/wartours.in.ua\\\/wp-content\\\/uploads\\\/2025\\\/05\\\/Ukraines-Central-Role-in-World-War-II.jpg\",\"width\":959,\"height\":641},{\"@type\":\"BreadcrumbList\",\"@id\":\"https:\\\/\\\/wartours.in.ua\\\/tr\\\/2025\\\/05\\\/10\\\/ukraine-s-central-role-in-world-war-ii\\\/#breadcrumb\",\"itemListElement\":[{\"@type\":\"ListItem\",\"position\":1,\"name\":\"\u0413\u043e\u043b\u043e\u0432\u043d\u0430\",\"item\":\"https:\\\/\\\/wartours.in.ua\\\/\"},{\"@type\":\"ListItem\",\"position\":2,\"name\":\"Ukraine&#8217;s Central Role in World War II\"}]},{\"@type\":\"WebSite\",\"@id\":\"https:\\\/\\\/wartours.in.ua\\\/tr\\\/#website\",\"url\":\"https:\\\/\\\/wartours.in.ua\\\/tr\\\/\",\"name\":\"WarTours Ukraine\",\"description\":\"Military tourism. Evidence of russian aggression with your own eyes\",\"publisher\":{\"@id\":\"https:\\\/\\\/wartours.in.ua\\\/tr\\\/#organization\"},\"alternateName\":\"Military Tours in Ukraine\",\"potentialAction\":[{\"@type\":\"SearchAction\",\"target\":{\"@type\":\"EntryPoint\",\"urlTemplate\":\"https:\\\/\\\/wartours.in.ua\\\/tr\\\/?s={search_term_string}\"},\"query-input\":{\"@type\":\"PropertyValueSpecification\",\"valueRequired\":true,\"valueName\":\"search_term_string\"}}],\"inLanguage\":\"tr\"},{\"@type\":\"Organization\",\"@id\":\"https:\\\/\\\/wartours.in.ua\\\/tr\\\/#organization\",\"name\":\"WarTours Ukraine\",\"alternateName\":\"MilitaryTours in Ukraine\",\"url\":\"https:\\\/\\\/wartours.in.ua\\\/tr\\\/\",\"logo\":{\"@type\":\"ImageObject\",\"inLanguage\":\"tr\",\"@id\":\"https:\\\/\\\/wartours.in.ua\\\/tr\\\/#\\\/schema\\\/logo\\\/image\\\/\",\"url\":\"https:\\\/\\\/wartours.in.ua\\\/wp-content\\\/uploads\\\/2023\\\/01\\\/logo-04.png\",\"contentUrl\":\"https:\\\/\\\/wartours.in.ua\\\/wp-content\\\/uploads\\\/2023\\\/01\\\/logo-04.png\",\"width\":418,\"height\":129,\"caption\":\"WarTours Ukraine\"},\"image\":{\"@id\":\"https:\\\/\\\/wartours.in.ua\\\/tr\\\/#\\\/schema\\\/logo\\\/image\\\/\"},\"sameAs\":[\"https:\\\/\\\/www.instagram.com\\\/wartours_in_ua\\\/\",\"https:\\\/\\\/www.linkedin.com\\\/company\\\/113094334\\\/admin\\\/dashboard\\\/\"]},{\"@type\":\"Person\",\"@id\":\"https:\\\/\\\/wartours.in.ua\\\/tr\\\/#\\\/schema\\\/person\\\/2f330aa72b72a56601fcc0d5d28fdbc1\",\"name\":\"uawarTours\",\"image\":{\"@type\":\"ImageObject\",\"inLanguage\":\"tr\",\"@id\":\"https:\\\/\\\/secure.gravatar.com\\\/avatar\\\/8d241296dc1b68e540b084de0201701931c22bde5ce47af723f6de7c8e224db5?s=96&d=mm&r=g\",\"url\":\"https:\\\/\\\/secure.gravatar.com\\\/avatar\\\/8d241296dc1b68e540b084de0201701931c22bde5ce47af723f6de7c8e224db5?s=96&d=mm&r=g\",\"contentUrl\":\"https:\\\/\\\/secure.gravatar.com\\\/avatar\\\/8d241296dc1b68e540b084de0201701931c22bde5ce47af723f6de7c8e224db5?s=96&d=mm&r=g\",\"caption\":\"uawarTours\"},\"sameAs\":[\"https:\\\/\\\/wartours.in.ua\"],\"url\":\"https:\\\/\\\/wartours.in.ua\\\/tr\\\/author\\\/uawartours\\\/\"}]}<\/script>\n<!-- \/ Yoast SEO Premium plugin. -->","yoast_head_json":{"title":"Ukrayna&#039;n\u0131n II. D\u00fcnya Sava\u015f\u0131&#039;ndaki Merkezi Rol\u00fc - WarTours Ukraine","description":"Derinden etkilenen ancak daha geni\u015f tarihsel anlat\u0131larda yeterince temsil edilmeyen \u00fclkeler aras\u0131nda Ukrayna da yer al\u0131yor.","robots":{"index":"index","follow":"follow","max-snippet":"max-snippet:-1","max-image-preview":"max-image-preview:large","max-video-preview":"max-video-preview:-1"},"canonical":"https:\/\/wartours.in.ua\/tr\/2025\/05\/10\/ukrayna-039-nin-ii-dunya-savasi-039-ndaki-merkezi-rolu\/","og_locale":"tr_TR","og_type":"article","og_title":"Ukraine's Central Role in World War II","og_description":"Among the nations deeply impacted yet frequently underrepresented in broader historical narratives is Ukraine.","og_url":"https:\/\/wartours.in.ua\/tr\/2025\/05\/10\/ukrayna-039-nin-ii-dunya-savasi-039-ndaki-merkezi-rolu\/","og_site_name":"WarTours Ukraine","article_published_time":"2025-05-10T13:18:21+00:00","article_modified_time":"2025-05-10T13:21:24+00:00","og_image":[{"width":959,"height":641,"url":"https:\/\/wartours.in.ua\/wp-content\/uploads\/2025\/05\/Ukraines-Central-Role-in-World-War-II.jpg","type":"image\/jpeg"}],"author":"uawarTours","twitter_card":"summary_large_image","twitter_misc":{"Yazan:":"uawarTours","Tahmini okuma s\u00fcresi":"7 dakika"},"schema":{"@context":"https:\/\/schema.org","@graph":[{"@type":"Article","@id":"https:\/\/wartours.in.ua\/tr\/2025\/05\/10\/ukraine-s-central-role-in-world-war-ii\/#article","isPartOf":{"@id":"https:\/\/wartours.in.ua\/tr\/2025\/05\/10\/ukraine-s-central-role-in-world-war-ii\/"},"author":{"name":"uawarTours","@id":"https:\/\/wartours.in.ua\/tr\/#\/schema\/person\/2f330aa72b72a56601fcc0d5d28fdbc1"},"headline":"Ukraine&#8217;s Central Role in World War II","datePublished":"2025-05-10T13:18:21+00:00","dateModified":"2025-05-10T13:21:24+00:00","mainEntityOfPage":{"@id":"https:\/\/wartours.in.ua\/tr\/2025\/05\/10\/ukraine-s-central-role-in-world-war-ii\/"},"wordCount":1155,"publisher":{"@id":"https:\/\/wartours.in.ua\/tr\/#organization"},"image":{"@id":"https:\/\/wartours.in.ua\/tr\/2025\/05\/10\/ukraine-s-central-role-in-world-war-ii\/#primaryimage"},"thumbnailUrl":"https:\/\/wartours.in.ua\/wp-content\/uploads\/2025\/05\/Ukraines-Central-Role-in-World-War-II.jpg","keywords":["Babi Yar","Eastern Front","European history","Generalplan Ost","geopolitical history","historical analysis","historiography","Holocaust","international diplomacy","Kharkiv","Kyiv","memory studies","Molotov-Ribbentrop Pact","Nazi occupation","Odessa","Operation Barbarossa","Partisan warfare","post-war Ukraine","Potsdam Conference","Second World War","Sevastopol","Soviet Union","Ukraine","Ukrainian history","Ukrainian Insurgent Army","Ukrainian Jews","Ukrainian nationalism","Ukrainian resistance","WWII","Yalta Conference"],"articleSection":["Visit Ukraine"],"inLanguage":"tr"},{"@type":"WebPage","@id":"https:\/\/wartours.in.ua\/tr\/2025\/05\/10\/ukraine-s-central-role-in-world-war-ii\/","url":"https:\/\/wartours.in.ua\/tr\/2025\/05\/10\/ukraine-s-central-role-in-world-war-ii\/","name":"Ukrayna&#039;n\u0131n II. D\u00fcnya Sava\u015f\u0131&#039;ndaki Merkezi Rol\u00fc - WarTours Ukraine","isPartOf":{"@id":"https:\/\/wartours.in.ua\/tr\/#website"},"primaryImageOfPage":{"@id":"https:\/\/wartours.in.ua\/tr\/2025\/05\/10\/ukraine-s-central-role-in-world-war-ii\/#primaryimage"},"image":{"@id":"https:\/\/wartours.in.ua\/tr\/2025\/05\/10\/ukraine-s-central-role-in-world-war-ii\/#primaryimage"},"thumbnailUrl":"https:\/\/wartours.in.ua\/wp-content\/uploads\/2025\/05\/Ukraines-Central-Role-in-World-War-II.jpg","datePublished":"2025-05-10T13:18:21+00:00","dateModified":"2025-05-10T13:21:24+00:00","description":"Derinden etkilenen ancak daha geni\u015f tarihsel anlat\u0131larda yeterince temsil edilmeyen \u00fclkeler aras\u0131nda Ukrayna da yer al\u0131yor.","breadcrumb":{"@id":"https:\/\/wartours.in.ua\/tr\/2025\/05\/10\/ukraine-s-central-role-in-world-war-ii\/#breadcrumb"},"inLanguage":"tr","potentialAction":[{"@type":"ReadAction","target":["https:\/\/wartours.in.ua\/tr\/2025\/05\/10\/ukraine-s-central-role-in-world-war-ii\/"]}]},{"@type":"ImageObject","inLanguage":"tr","@id":"https:\/\/wartours.in.ua\/tr\/2025\/05\/10\/ukraine-s-central-role-in-world-war-ii\/#primaryimage","url":"https:\/\/wartours.in.ua\/wp-content\/uploads\/2025\/05\/Ukraines-Central-Role-in-World-War-II.jpg","contentUrl":"https:\/\/wartours.in.ua\/wp-content\/uploads\/2025\/05\/Ukraines-Central-Role-in-World-War-II.jpg","width":959,"height":641},{"@type":"BreadcrumbList","@id":"https:\/\/wartours.in.ua\/tr\/2025\/05\/10\/ukraine-s-central-role-in-world-war-ii\/#breadcrumb","itemListElement":[{"@type":"ListItem","position":1,"name":"\u0413\u043e\u043b\u043e\u0432\u043d\u0430","item":"https:\/\/wartours.in.ua\/"},{"@type":"ListItem","position":2,"name":"Ukraine&#8217;s Central Role in World War II"}]},{"@type":"WebSite","@id":"https:\/\/wartours.in.ua\/tr\/#website","url":"https:\/\/wartours.in.ua\/tr\/","name":"Sava\u015f Turlar\u0131 Ukrayna","description":"Askeri turizm. Kendi g\u00f6zlerinizle Rus sald\u0131rganl\u0131\u011f\u0131n\u0131n kan\u0131t\u0131","publisher":{"@id":"https:\/\/wartours.in.ua\/tr\/#organization"},"alternateName":"Military Tours in Ukraine","potentialAction":[{"@type":"SearchAction","target":{"@type":"EntryPoint","urlTemplate":"https:\/\/wartours.in.ua\/tr\/?s={search_term_string}"},"query-input":{"@type":"PropertyValueSpecification","valueRequired":true,"valueName":"search_term_string"}}],"inLanguage":"tr"},{"@type":"Organization","@id":"https:\/\/wartours.in.ua\/tr\/#organization","name":"Sava\u015f Turlar\u0131 Ukrayna","alternateName":"MilitaryTours in Ukraine","url":"https:\/\/wartours.in.ua\/tr\/","logo":{"@type":"ImageObject","inLanguage":"tr","@id":"https:\/\/wartours.in.ua\/tr\/#\/schema\/logo\/image\/","url":"https:\/\/wartours.in.ua\/wp-content\/uploads\/2023\/01\/logo-04.png","contentUrl":"https:\/\/wartours.in.ua\/wp-content\/uploads\/2023\/01\/logo-04.png","width":418,"height":129,"caption":"WarTours Ukraine"},"image":{"@id":"https:\/\/wartours.in.ua\/tr\/#\/schema\/logo\/image\/"},"sameAs":["https:\/\/www.instagram.com\/wartours_in_ua\/","https:\/\/www.linkedin.com\/company\/113094334\/admin\/dashboard\/"]},{"@type":"Person","@id":"https:\/\/wartours.in.ua\/tr\/#\/schema\/person\/2f330aa72b72a56601fcc0d5d28fdbc1","name":"uawarTurlar","image":{"@type":"ImageObject","inLanguage":"tr","@id":"https:\/\/secure.gravatar.com\/avatar\/8d241296dc1b68e540b084de0201701931c22bde5ce47af723f6de7c8e224db5?s=96&d=mm&r=g","url":"https:\/\/secure.gravatar.com\/avatar\/8d241296dc1b68e540b084de0201701931c22bde5ce47af723f6de7c8e224db5?s=96&d=mm&r=g","contentUrl":"https:\/\/secure.gravatar.com\/avatar\/8d241296dc1b68e540b084de0201701931c22bde5ce47af723f6de7c8e224db5?s=96&d=mm&r=g","caption":"uawarTours"},"sameAs":["https:\/\/wartours.in.ua"],"url":"https:\/\/wartours.in.ua\/tr\/author\/uawartours\/"}]}},"_links":{"self":[{"href":"https:\/\/wartours.in.ua\/tr\/wp-json\/wp\/v2\/posts\/1903","targetHints":{"allow":["GET"]}}],"collection":[{"href":"https:\/\/wartours.in.ua\/tr\/wp-json\/wp\/v2\/posts"}],"about":[{"href":"https:\/\/wartours.in.ua\/tr\/wp-json\/wp\/v2\/types\/post"}],"author":[{"embeddable":true,"href":"https:\/\/wartours.in.ua\/tr\/wp-json\/wp\/v2\/users\/1"}],"replies":[{"embeddable":true,"href":"https:\/\/wartours.in.ua\/tr\/wp-json\/wp\/v2\/comments?post=1903"}],"version-history":[{"count":0,"href":"https:\/\/wartours.in.ua\/tr\/wp-json\/wp\/v2\/posts\/1903\/revisions"}],"wp:featuredmedia":[{"embeddable":true,"href":"https:\/\/wartours.in.ua\/tr\/wp-json\/wp\/v2\/media\/1904"}],"wp:attachment":[{"href":"https:\/\/wartours.in.ua\/tr\/wp-json\/wp\/v2\/media?parent=1903"}],"wp:term":[{"taxonomy":"category","embeddable":true,"href":"https:\/\/wartours.in.ua\/tr\/wp-json\/wp\/v2\/categories?post=1903"},{"taxonomy":"post_tag","embeddable":true,"href":"https:\/\/wartours.in.ua\/tr\/wp-json\/wp\/v2\/tags?post=1903"}],"curies":[{"name":"wp","href":"https:\/\/api.w.org\/{rel}","templated":true}]}}