{"id":2543,"date":"2026-02-12T14:26:05","date_gmt":"2026-02-12T14:26:05","guid":{"rendered":"https:\/\/wartours.in.ua\/?p=2543"},"modified":"2026-02-12T14:35:04","modified_gmt":"2026-02-12T14:35:04","slug":"hafiza-siyasallastiginda-vladyslav-heraskevyc-039-in-diskalifiye-edilmesi-ve-olimpiyat-tarafsizliginin-sinirlari","status":"publish","type":"post","link":"https:\/\/wartours.in.ua\/tr\/2026\/02\/12\/when-memory-becomes-political-the-disqualification-of-vladyslav-heraskevych-and-the-limits-of-olympic-neutrality\/","title":{"rendered":"Haf\u0131za &quot;Siyasal&quot; Hale Geldi\u011finde: Vladyslav Heraskevych&#039;in Diskalifiye Edilmesi ve Olimpiyat Tarafs\u0131zl\u0131\u011f\u0131n\u0131n S\u0131n\u0131rlar\u0131"},"content":{"rendered":"<div data-elementor-type=\"wp-post\" data-elementor-id=\"2543\" class=\"elementor elementor-2543\" data-elementor-settings=\"{&quot;element_pack_global_tooltip_width&quot;:{&quot;unit&quot;:&quot;px&quot;,&quot;size&quot;:&quot;&quot;,&quot;sizes&quot;:[]},&quot;element_pack_global_tooltip_width_tablet&quot;:{&quot;unit&quot;:&quot;px&quot;,&quot;size&quot;:&quot;&quot;,&quot;sizes&quot;:[]},&quot;element_pack_global_tooltip_width_mobile&quot;:{&quot;unit&quot;:&quot;px&quot;,&quot;size&quot;:&quot;&quot;,&quot;sizes&quot;:[]},&quot;element_pack_global_tooltip_padding&quot;:{&quot;unit&quot;:&quot;px&quot;,&quot;top&quot;:&quot;&quot;,&quot;right&quot;:&quot;&quot;,&quot;bottom&quot;:&quot;&quot;,&quot;left&quot;:&quot;&quot;,&quot;isLinked&quot;:true},&quot;element_pack_global_tooltip_padding_tablet&quot;:{&quot;unit&quot;:&quot;px&quot;,&quot;top&quot;:&quot;&quot;,&quot;right&quot;:&quot;&quot;,&quot;bottom&quot;:&quot;&quot;,&quot;left&quot;:&quot;&quot;,&quot;isLinked&quot;:true},&quot;element_pack_global_tooltip_padding_mobile&quot;:{&quot;unit&quot;:&quot;px&quot;,&quot;top&quot;:&quot;&quot;,&quot;right&quot;:&quot;&quot;,&quot;bottom&quot;:&quot;&quot;,&quot;left&quot;:&quot;&quot;,&quot;isLinked&quot;:true},&quot;element_pack_global_tooltip_border_radius&quot;:{&quot;unit&quot;:&quot;px&quot;,&quot;top&quot;:&quot;&quot;,&quot;right&quot;:&quot;&quot;,&quot;bottom&quot;:&quot;&quot;,&quot;left&quot;:&quot;&quot;,&quot;isLinked&quot;:true},&quot;element_pack_global_tooltip_border_radius_tablet&quot;:{&quot;unit&quot;:&quot;px&quot;,&quot;top&quot;:&quot;&quot;,&quot;right&quot;:&quot;&quot;,&quot;bottom&quot;:&quot;&quot;,&quot;left&quot;:&quot;&quot;,&quot;isLinked&quot;:true},&quot;element_pack_global_tooltip_border_radius_mobile&quot;:{&quot;unit&quot;:&quot;px&quot;,&quot;top&quot;:&quot;&quot;,&quot;right&quot;:&quot;&quot;,&quot;bottom&quot;:&quot;&quot;,&quot;left&quot;:&quot;&quot;,&quot;isLinked&quot;:true}}\" data-elementor-post-type=\"post\">\n\t\t\t\t\t\t<section class=\"elementor-section elementor-top-section elementor-element elementor-element-61a0d60 elementor-section-boxed elementor-section-height-default elementor-section-height-default\" data-id=\"61a0d60\" data-element_type=\"section\" data-e-type=\"section\">\n\t\t\t\t\t\t<div class=\"elementor-container elementor-column-gap-default\">\n\t\t\t\t\t<div class=\"elementor-column elementor-col-100 elementor-top-column elementor-element elementor-element-8a9852a\" data-id=\"8a9852a\" data-element_type=\"column\" data-e-type=\"column\">\n\t\t\t<div class=\"elementor-widget-wrap elementor-element-populated\">\n\t\t\t\t\t\t<div class=\"elementor-element elementor-element-2fff94f elementor-widget elementor-widget-text-editor\" data-id=\"2fff94f\" data-element_type=\"widget\" data-e-type=\"widget\" data-widget_type=\"text-editor.default\">\n\t\t\t\t<div class=\"elementor-widget-container\">\n\t\t\t\t\t\t\t\t\t<p data-start=\"274\" data-end=\"514\">Milano-Cortina K\u0131\u015f Olimpiyatlar\u0131 h\u0131z, \u00e7elik gibi sinirler ve saniyenin kesirleri \u00fczerine kurulu olmal\u0131yd\u0131. Bunun yerine, tek bir skeleton yar\u0131\u015f\u0131 ba\u015flamadan \u00f6nce d\u00fcnya \u00e7ok farkl\u0131 bir \u015feye tan\u0131k oldu: buz \u00fczerinde ahlaki bir y\u00fczle\u015fmeye.<\/p><p data-start=\"516\" data-end=\"711\">Ukraynal\u0131 iskelet yar\u0131\u015f\u00e7\u0131s\u0131 <span class=\"hover:entity-accent entity-underline inline cursor-pointer align-baseline\"><span class=\"whitespace-normal\">Vladyslav Heraskevych<\/span><\/span> \u0130lk yar\u0131\u015f\u0131na \u00e7\u0131kmadan \u00f6nce diskalifiye edildi. Sebebi teknik bir ihlal, ekipman ar\u0131zas\u0131 veya doping de\u011fildi. Kaskt\u0131.<\/p><p data-start=\"713\" data-end=\"823\">Rusya&#039;n\u0131n topyek\u00fcn i\u015fgalinin ba\u015flang\u0131c\u0131ndan bu yana \u00f6ld\u00fcr\u00fclen Ukraynal\u0131 sporcular\u0131n resimleriyle kapl\u0131 bir kask.<\/p><p data-start=\"825\" data-end=\"856\">Heraskevych i\u00e7in durum basitti.<\/p><blockquote data-start=\"858\" data-end=\"988\"><p data-start=\"860\" data-end=\"988\">\u201c&quot;Hi\u00e7bir kural\u0131 ihlal etmedik. Bu kask\u0131n siyasi bir anlam\u0131 yok,&quot; dedi.<br data-start=\"946\" data-end=\"949\" \/>\u201c&quot;Yar\u0131\u015fmaya kat\u0131lmaya her t\u00fcrl\u00fc hakk\u0131m vard\u0131.&quot;\u201d<\/p><\/blockquote><p data-start=\"990\" data-end=\"1054\">\u0130\u00e7in <span class=\"hover:entity-accent entity-underline inline cursor-pointer align-baseline\"><span class=\"whitespace-normal\">Uluslararas\u0131 Olimpiyat Komitesi<\/span><\/span>, Farkl\u0131yd\u0131.<\/p><p data-start=\"1056\" data-end=\"1395\">Komite, sporcular\u0131n ifade \u00f6zg\u00fcrl\u00fc\u011f\u00fcne ili\u015fkin y\u00f6nergelerine at\u0131fta bulundu; bu ilke, Olimpiyat \u015eart\u0131&#039;n\u0131n yar\u0131\u015fma s\u0131ras\u0131nda siyasi g\u00f6sterileri yasaklayan 50. maddesinden t\u00fcretilmi\u015ftir. Yetkililerin ona bir uzla\u015fma teklif etti\u011fi bildirildi: kask\u0131n\u0131 yar\u0131\u015f ba\u015flamadan \u00f6nce veya yar\u0131\u015ftan sonra karma b\u00f6lgede g\u00f6sterebilirdi, ancak yar\u0131\u015f\u0131n kendisi s\u0131ras\u0131nda g\u00f6steremezdi.<\/p><p data-start=\"1397\" data-end=\"1408\">Reddetti.<\/p><hr data-start=\"1410\" data-end=\"1413\" \/><h2 data-start=\"1415\" data-end=\"1459\">Ge\u00e7ilmemesi Gereken Ki\u015fisel Bir S\u0131n\u0131r<\/h2><p data-start=\"1461\" data-end=\"1682\">Ukrayna tak\u0131m\u0131na yak\u0131n kaynaklar, karar\u0131n ani bir karar olmad\u0131\u011f\u0131n\u0131 s\u00f6yl\u00fcyor. Kask \u00fczerindeki resimler slogan de\u011fildi. Bunlar, sava\u015fta hayat\u0131n\u0131 kaybeden yirmiyi a\u015fk\u0131n sporcu ve Ukrayna spor camias\u0131 \u00fcyesinin y\u00fczleriydi.<\/p><p data-start=\"1684\" data-end=\"1803\">Ukrayna spor federasyonlar\u0131, 2022&#039;den bu yana y\u00fczlerce sporcu, antren\u00f6r ve personel \u00fcyesinin \u00f6ld\u00fcr\u00fcld\u00fc\u011f\u00fcn\u00fc tahmin ediyor.<\/p><p data-start=\"1805\" data-end=\"1865\">Heraskevych i\u00e7in bu ger\u00e7eklik, tarafs\u0131zl\u0131\u011f\u0131 soyut bir kavram haline getirmi\u015fti.<\/p><blockquote data-start=\"1867\" data-end=\"1994\"><p data-start=\"1869\" data-end=\"1994\">\u201c&quot;Onurumuz i\u00e7in bedel \u00f6dedik,&quot; dedi daha sonra.<br data-start=\"1920\" data-end=\"1923\" \/>\u201c&quot;Ukrayna&#039;n\u0131n \u00e7\u0131karlar\u0131n\u0131 ve sporcular\u0131m\u0131z\u0131n hat\u0131ras\u0131n\u0131 savundum.&quot;\u201d<\/p><\/blockquote><p data-start=\"1996\" data-end=\"2232\">O sabah IOC Ba\u015fkan\u0131 ile yap\u0131lan g\u00f6r\u00fc\u015fme <span class=\"hover:entity-accent entity-underline inline cursor-pointer align-baseline\"><span class=\"whitespace-normal\">Kirsty Coventry<\/span><\/span> \u0130ddialara g\u00f6re, uzla\u015fma sa\u011flanamadan sona erdi. \u0130lk k\u0131zak buzlu pistten a\u015fa\u011f\u0131 do\u011fru hareket etmeye haz\u0131rlan\u0131rken, Heraskevych&#039;in ad\u0131 art\u0131k ba\u015flang\u0131\u00e7 listesinde yoktu.<\/p><hr data-start=\"2234\" data-end=\"2237\" \/><h2 data-start=\"2239\" data-end=\"2266\">Yama\u00e7larda Dayan\u0131\u015fma<\/h2><p data-start=\"2268\" data-end=\"2326\">Uluslararas\u0131 Olimpiyat Komitesi (IOC) meselenin sessizce ortadan kalkaca\u011f\u0131n\u0131 beklediyse, yan\u0131ld\u0131.<\/p><p data-start=\"2328\" data-end=\"2484\">Kendi performans\u0131n\u0131n ard\u0131ndan, Ukraynal\u0131 alp disiplini kayak\u00e7\u0131s\u0131 <span class=\"hover:entity-accent entity-underline inline cursor-pointer align-baseline\"><span class=\"whitespace-normal\">Dmytro Shepyuk<\/span><\/span> Eldivenli elini kameralara do\u011fru kald\u0131rd\u0131. Elinin \u00fczerinde \u015fu s\u00f6zler yaz\u0131l\u0131yd\u0131:<\/p><p data-start=\"2486\" data-end=\"2521\"><strong data-start=\"2486\" data-end=\"2521\">\u201c&quot;Ukraynal\u0131 Kahramanlar Bizimle.&quot;\u201d<\/strong><\/p><p data-start=\"2523\" data-end=\"2566\">Bu bir konu\u015fma de\u011fildi. Konu\u015fma olmas\u0131na da gerek yoktu.<\/p><p data-start=\"2568\" data-end=\"2647\">Ukrayna&#039;n\u0131n <span class=\"hover:entity-accent entity-underline inline cursor-pointer align-baseline\"><span class=\"whitespace-normal\">Ukrayna Ulusal Olimpiyat Komitesi<\/span><\/span> Yap\u0131lan a\u00e7\u0131klamada \u015fu ifadeler yer ald\u0131:<\/p><blockquote data-start=\"2649\" data-end=\"2945\"><p data-start=\"2651\" data-end=\"2945\">\u201c&quot;Ukraynal\u0131 sporcular\u0131n ve t\u00fcm kahramanlar\u0131m\u0131z\u0131n an\u0131s\u0131na sayg\u0131 g\u00f6stergesi olarak &#039;Anma Kask\u0131&#039; ile yar\u0131\u015fa ba\u015flamas\u0131 gerekiyordu.&quot;.<br data-start=\"2772\" data-end=\"2775\" \/>Bug\u00fcn ma\u00e7a ba\u015flamad\u0131 ama yaln\u0131z de\u011fildi; t\u00fcm Ukrayna onunla birlikteydi ve h\u00e2l\u00e2 da \u00f6yle.<br data-start=\"2859\" data-end=\"2862\" \/>Bir sporcu ger\u00e7e\u011fi, onuru ve hat\u0131ray\u0131 savundu\u011funda, bu zaten bir zaferdir.&quot;\u201d<\/p><\/blockquote><p data-start=\"2947\" data-end=\"3227\">\u00dclkeye d\u00f6nd\u00fckten sonra kamuoyunun tepkisi an\u0131nda geldi. Sosyal medya destek mesajlar\u0131yla doldu. Spor yorumcular\u0131, diskalifiye edilmeyi daha b\u00fcy\u00fck bir hayal k\u0131r\u0131kl\u0131\u011f\u0131n\u0131n sembol\u00fc olarak de\u011ferlendirdi: Ukraynal\u0131 sporcular\u0131n, sava\u015f\u0131n g\u00fcnl\u00fck bir ger\u00e7eklikten ziyade uzak bir habermi\u015f gibi yar\u0131\u015fmaya zorlanmas\u0131.<\/p><hr data-start=\"3229\" data-end=\"3232\" \/><h2 data-start=\"3234\" data-end=\"3264\">Tutarl\u0131l\u0131k Sorunu<\/h2><p data-start=\"3266\" data-end=\"3308\">Heraskevych ayr\u0131ca zor bir noktaya da de\u011findi.<\/p><p data-start=\"3310\" data-end=\"3568\">Oyunlarda di\u011fer sembolik jestlere neden izin verildi\u011fini sorgulad\u0131. Di\u011fer spor dallar\u0131nda belirli sayg\u0131 mesajlar\u0131na neden izin verildi\u011fini sordu. Di\u011fer sporcular\u0131n ekipmanlar\u0131nda Rus sembolizmiyle ba\u011flant\u0131l\u0131 g\u00f6rsel unsurlar hakk\u0131nda neden hi\u00e7bir a\u00e7\u0131klama yap\u0131lmad\u0131\u011f\u0131n\u0131 sordu.<\/p><blockquote data-start=\"3570\" data-end=\"3742\"><p data-start=\"3572\" data-end=\"3742\">\u201c&quot;Belgede, bunlar\u0131n sava\u015f kurbanlar\u0131 oldu\u011funu kamuoyuna a\u00e7\u0131klad\u0131\u011f\u0131m yaz\u0131yordu,&quot; dedi.<br data-start=\"3663\" data-end=\"3666\" \/>\u201c&quot;Ama kaska bakt\u0131\u011f\u0131n\u0131zda bu net de\u011fil. Mesele haf\u0131zayla ilgiliydi.&quot;\u201d<\/p><\/blockquote><p data-start=\"3744\" data-end=\"3839\">Yorumlama ve uygulama aras\u0131ndaki bu gerilim, \u015fu anda tart\u0131\u015fman\u0131n merkezinde yer al\u0131yor.<\/p><p data-start=\"3841\" data-end=\"3961\">Uluslararas\u0131 Olimpiyat Komitesi (IOC), kurallar\u0131n e\u015fit \u015fekilde uygulanmas\u0131 gerekti\u011fini savunuyor. Ele\u015ftirmenler ise ba\u011flamdan yoksun e\u015fitli\u011fin ahlaki k\u00f6rl\u00fc\u011fe d\u00f6n\u00fc\u015febilece\u011fini ileri s\u00fcr\u00fcyor.<\/p><hr data-start=\"3963\" data-end=\"3966\" \/><h2 data-start=\"3968\" data-end=\"3990\">Sembolizmden Daha Fazlas\u0131<\/h2><p data-start=\"3992\" data-end=\"4084\">Heraskevych, mi\u011ffer takma hakk\u0131n\u0131 savunmakla yetinmedi. \u00dc\u00e7 talepte bulundu:<\/p><p data-start=\"4086\" data-end=\"4254\">\u2013 Hat\u0131ra Kask\u0131 \u00fczerindeki yasa\u011f\u0131 kald\u0131r\u0131n<br data-start=\"4121\" data-end=\"4124\" \/>- \u00dczerinde olu\u015fan bask\u0131dan dolay\u0131 \u00f6z\u00fcr dileyin.<br data-start=\"4166\" data-end=\"4169\" \/>\u2013 S\u00fcrekli sald\u0131r\u0131lara maruz kalan Ukrayna spor tesislerine jenerat\u00f6r temin edilmesi<\/p><p data-start=\"4256\" data-end=\"4457\">Son nokta farkl\u0131 bir tondayd\u0131. Ukrayna stadyumlar\u0131, buz pistleri ve e\u011fitim merkezleri f\u00fcze sald\u0131r\u0131lar\u0131 ve enerji altyap\u0131s\u0131na y\u00f6nelik sald\u0131r\u0131lar nedeniyle hasar g\u00f6rd\u00fc veya elektrik kesintisi ya\u015fad\u0131.<\/p><p data-start=\"4459\" data-end=\"4560\">Ukrayna&#039;da bir\u00e7ok ki\u015fi i\u00e7in bu, teorik bir siyaset meselesi de\u011fil. Mesele, gen\u00e7 sporcular\u0131n antrenman yap\u0131p yapamayacaklar\u0131 meselesi.<\/p><hr data-start=\"4562\" data-end=\"4565\" \/><h2 data-start=\"4567\" data-end=\"4587\">Bundan sonra ne olacak?<\/h2><p data-start=\"4589\" data-end=\"4820\">Ukrayna taraf\u0131, Spor Tahkim Mahkemesi&#039;ne itiraz ba\u015fvurusunda bulunabilece\u011fini belirtti. Hukuk uzmanlar\u0131, b\u00f6yle bir davan\u0131n 50. Kural\u0131n ne kadar geni\u015fleyebilece\u011fini ve anman\u0131n yasaklanm\u0131\u015f ifade olarak nitelendirilip nitelendirilmedi\u011fini test edebilece\u011fini \u00f6ne s\u00fcr\u00fcyor.<\/p><p data-start=\"4822\" data-end=\"4891\">Bu arada Heraskevych Oyunlarda yer almaya devam ediyor, ancak yar\u0131\u015fmalara kat\u0131lm\u0131yor.<\/p><p data-start=\"4893\" data-end=\"4988\">Madalyalar verilecek. Podyum foto\u011fraflar\u0131 \u00e7ekilecek. Ama tart\u0131\u015fma ortadan kaybolmayacak.<\/p><hr data-start=\"4990\" data-end=\"4993\" \/><h2 data-start=\"4995\" data-end=\"5014\">Daha Derin Bir Gerilim<\/h2><p data-start=\"5016\" data-end=\"5198\">Olimpiyat hareketi uzun zamand\u0131r sporun tarafs\u0131z kalmas\u0131, yani k\u00fcresel \u00e7at\u0131\u015fmalardan uzak bir alan olmas\u0131 gerekti\u011finde \u0131srar ediyor. Ancak tarih, spor ve politikan\u0131n nadiren uzun s\u00fcre ayr\u0131 kald\u0131\u011f\u0131n\u0131 g\u00f6steriyor.<\/p><p data-start=\"5200\" data-end=\"5353\">Ukrayna i\u00e7in sava\u015f sembolik de\u011fil. Sporcular hava sald\u0131r\u0131s\u0131 uyar\u0131lar\u0131 s\u0131ras\u0131nda antrenman yap\u0131yor. Elektrik kesintileri nedeniyle m\u00fcsabakalar erteleniyor. Antren\u00f6rler cephede g\u00f6rev yap\u0131yor.<\/p><p data-start=\"5355\" data-end=\"5430\">Bu ger\u00e7eklikte, anma ve siyaset aras\u0131ndaki \u00e7izgi bulan\u0131kla\u015f\u0131yor.<\/p><p data-start=\"5432\" data-end=\"5457\">Uluslararas\u0131 Olimpiyat Komitesi tarafs\u0131zl\u0131k aray\u0131\u015f\u0131ndad\u0131r.<\/p><p data-start=\"5459\" data-end=\"5495\">Ukraynal\u0131 sporcular tan\u0131nma aray\u0131\u015f\u0131nda.<\/p><p data-start=\"5497\" data-end=\"5569\">Bu ilkeler \u00e7at\u0131\u015ft\u0131\u011f\u0131nda, mesele art\u0131k kask meselesi olmaktan \u00e7\u0131k\u0131yor.<\/p><p data-start=\"5571\" data-end=\"5653\">Burada \u00f6nemli olan, Olimpiyat sahnesinin neyi temsil etti\u011fi ve kimin ger\u00e7ekli\u011fini yans\u0131tt\u0131\u011f\u0131d\u0131r.<\/p>\t\t\t\t\t\t\t\t<\/div>\n\t\t\t\t<\/div>\n\t\t\t\t\t<\/div>\n\t\t<\/div>\n\t\t\t\t\t<\/div>\n\t\t<\/section>\n\t\t\t\t<\/div>","protected":false},"excerpt":{"rendered":"<p>The Milan-Cortina Winter Olympics were supposed to be about speed, steel nerves and fractions of a second. Instead, before a single skeleton [&hellip;]<\/p>\n","protected":false},"author":1,"featured_media":2544,"comment_status":"closed","ping_status":"closed","sticky":false,"template":"","format":"standard","meta":{"footnotes":""},"categories":[1],"tags":[1948,1939,1937,1970,1974,1965,1960,1932,1959,1227,1961,1967,1951,1978,1975,1962,1943,1930,1969,1934,1968,1711,1984,1966,1936,1941,1980,1933,1956,1946,1957,1952,1938,1950,1982,1976,1945,1935,1977,1942,1954,1983,1973,1971,1963,1949,1958,1981,1931,1979,1944,1955,1940,1928,1964,1953,1972,111,1929,1947],"class_list":["post-2543","post","type-post","status-publish","format-standard","has-post-thumbnail","hentry","category-visitukraine","tag-athlete-activism-modern-olympics","tag-athlete-freedom-of-expression","tag-cas-appeal-possible","tag-conflict-zone-coordination","tag-cultural-exchange-ukraine","tag-cultural-partnerships-ukraine","tag-cultural-projects-ukraine","tag-dmytro-shepyuk-solidarity-message","tag-documentary-production-ukraine","tag-documentary-travel-ukraine","tag-filming-in-ukraine","tag-frontline-reporting-ukraine","tag-global-sports-ethics-discussion","tag-historical-storytelling-ukraine","tag-international-filmmakers-ukraine","tag-international-media-collaboration","tag-international-reaction-olympics","tag-ioc-athlete-expression-rules","tag-kharkiv-documentary-access","tag-kirsty-coventry-ioc-meeting","tag-kyiv-filming-locations","tag-local-guides-ukraine","tag-media-partnerships-ukraine","tag-media-production-logistics-ukraine","tag-memory-helmet-ukraine","tag-milan-cortina-2026-debate","tag-military-tourism-collaboration","tag-national-olympic-committee-of-ukraine-statement","tag-neutrality-versus-memory","tag-olympic-governance-controversy","tag-olympic-institutional-credibility","tag-olympic-moral-dilemma","tag-olympic-neutrality-principle","tag-political-expression-ban-olympics","tag-post-war-reconstruction-stories","tag-production-support-eastern-europe","tag-remembrance-in-sport","tag-rule-50-olympic-charter-debate","tag-security-coordination-ukraine","tag-sport-and-geopolitics","tag-sports-journalism-analysis","tag-ukraine-cultural-diplomacy","tag-ukraine-documentary-research","tag-ukraine-field-producer","tag-ukraine-fixer-services","tag-ukraine-international-image-sport","tag-ukraine-local-partner","tag-ukraine-production-permits","tag-ukraine-war-and-sport","tag-ukraine-war-context-expertise","tag-ukrainian-athlete-disqualification","tag-ukrainian-heroes-tribute","tag-ukrainian-sports-losses-war","tag-vladyslav-heraskevych","tag-war-documentary-support","tag-war-impact-on-athletes","tag-war-journalism-support","tag-war-tours-ukraine","tag-winter-olympics-2026-controversy","tag-winter-sports-ukraine"],"yoast_head":"<!-- This site is optimized with the Yoast SEO Premium plugin v27.4 (Yoast SEO v27.4) - https:\/\/yoast.com\/product\/yoast-seo-premium-wordpress\/ -->\n<title>When Memory Becomes \u201cPolitical\u201d: The Disqualification of Vladyslav Heraskevych and the Limits of Olympic Neutrality - WarTours Ukraine<\/title>\n<meta name=\"description\" content=\"When Memory Becomes \u201cPolitical\u201d: The Disqualification of Vladyslav Heraskevych and the Limits of Olympic Neutrality\" \/>\n<meta name=\"robots\" content=\"index, follow, max-snippet:-1, max-image-preview:large, max-video-preview:-1\" \/>\n<link rel=\"canonical\" href=\"https:\/\/wartours.in.ua\/tr\/2026\/02\/12\/hafiza-siyasallastiginda-vladyslav-heraskevyc-039-in-diskalifiye-edilmesi-ve-olimpiyat-tarafsizliginin-sinirlari\/\" \/>\n<meta property=\"og:locale\" content=\"tr_TR\" \/>\n<meta property=\"og:type\" content=\"article\" \/>\n<meta property=\"og:title\" content=\"When Memory Becomes \u201cPolitical\u201d: The Disqualification of Vladyslav Heraskevych and the Limits of Olympic Neutrality\" \/>\n<meta property=\"og:description\" content=\"When Memory Becomes \u201cPolitical\u201d: The Disqualification of Vladyslav Heraskevych and the Limits of Olympic Neutrality\" \/>\n<meta property=\"og:url\" content=\"https:\/\/wartours.in.ua\/tr\/2026\/02\/12\/hafiza-siyasallastiginda-vladyslav-heraskevyc-039-in-diskalifiye-edilmesi-ve-olimpiyat-tarafsizliginin-sinirlari\/\" \/>\n<meta property=\"og:site_name\" content=\"WarTours Ukraine\" \/>\n<meta property=\"article:published_time\" content=\"2026-02-12T14:26:05+00:00\" \/>\n<meta property=\"article:modified_time\" content=\"2026-02-12T14:35:04+00:00\" \/>\n<meta property=\"og:image\" content=\"https:\/\/wartours.in.ua\/wp-content\/uploads\/2026\/02\/ChatGPT-Image-Feb-12-2026-04_25_30-PM-683x1024.png\" \/>\n\t<meta property=\"og:image:width\" content=\"683\" \/>\n\t<meta property=\"og:image:height\" content=\"1024\" \/>\n\t<meta property=\"og:image:type\" content=\"image\/png\" \/>\n<meta name=\"author\" content=\"uawarTours\" \/>\n<meta name=\"twitter:card\" content=\"summary_large_image\" \/>\n<meta name=\"twitter:label1\" content=\"Yazan:\" \/>\n\t<meta name=\"twitter:data1\" content=\"uawarTours\" \/>\n\t<meta name=\"twitter:label2\" content=\"Tahmini okuma s\u00fcresi\" \/>\n\t<meta name=\"twitter:data2\" content=\"4 dakika\" \/>\n<script type=\"application\/ld+json\" class=\"yoast-schema-graph\">{\"@context\":\"https:\\\/\\\/schema.org\",\"@graph\":[{\"@type\":\"Article\",\"@id\":\"https:\\\/\\\/wartours.in.ua\\\/tr\\\/2026\\\/02\\\/12\\\/when-memory-becomes-political-the-disqualification-of-vladyslav-heraskevych-and-the-limits-of-olympic-neutrality\\\/#article\",\"isPartOf\":{\"@id\":\"https:\\\/\\\/wartours.in.ua\\\/tr\\\/2026\\\/02\\\/12\\\/when-memory-becomes-political-the-disqualification-of-vladyslav-heraskevych-and-the-limits-of-olympic-neutrality\\\/\"},\"author\":{\"name\":\"uawarTours\",\"@id\":\"https:\\\/\\\/wartours.in.ua\\\/tr\\\/#\\\/schema\\\/person\\\/2f330aa72b72a56601fcc0d5d28fdbc1\"},\"headline\":\"When Memory Becomes \u201cPolitical\u201d: The Disqualification of Vladyslav Heraskevych and the Limits of Olympic Neutrality\",\"datePublished\":\"2026-02-12T14:26:05+00:00\",\"dateModified\":\"2026-02-12T14:35:04+00:00\",\"mainEntityOfPage\":{\"@id\":\"https:\\\/\\\/wartours.in.ua\\\/tr\\\/2026\\\/02\\\/12\\\/when-memory-becomes-political-the-disqualification-of-vladyslav-heraskevych-and-the-limits-of-olympic-neutrality\\\/\"},\"wordCount\":847,\"publisher\":{\"@id\":\"https:\\\/\\\/wartours.in.ua\\\/tr\\\/#organization\"},\"image\":{\"@id\":\"https:\\\/\\\/wartours.in.ua\\\/tr\\\/2026\\\/02\\\/12\\\/when-memory-becomes-political-the-disqualification-of-vladyslav-heraskevych-and-the-limits-of-olympic-neutrality\\\/#primaryimage\"},\"thumbnailUrl\":\"https:\\\/\\\/wartours.in.ua\\\/wp-content\\\/uploads\\\/2026\\\/02\\\/ChatGPT-Image-Feb-12-2026-04_25_30-PM.png\",\"keywords\":[\"athlete activism modern Olympics\",\"athlete freedom of expression\",\"CAS appeal possible\",\"conflict zone coordination\",\"cultural exchange Ukraine\",\"cultural partnerships Ukraine\",\"cultural projects Ukraine\",\"Dmytro Shepyuk solidarity message\",\"documentary production Ukraine\",\"documentary travel Ukraine\",\"filming in Ukraine\",\"frontline reporting Ukraine\",\"global sports ethics discussion\",\"historical storytelling Ukraine\",\"international filmmakers Ukraine\",\"international media collaboration\",\"international reaction Olympics\",\"IOC athlete expression rules\",\"Kharkiv documentary access\",\"Kirsty Coventry IOC meeting\",\"Kyiv filming locations\",\"local guides ukraine\",\"media partnerships Ukraine\",\"media production logistics Ukraine\",\"Memory Helmet Ukraine\",\"Milan Cortina 2026 debate\",\"military tourism collaboration\",\"National Olympic Committee of Ukraine statement\",\"neutrality versus memory\",\"Olympic governance controversy\",\"Olympic institutional credibility\",\"Olympic moral dilemma\",\"Olympic neutrality principle\",\"political expression ban Olympics\",\"post-war reconstruction stories\",\"production support Eastern Europe\",\"remembrance in sport\",\"Rule 50 Olympic Charter debate\",\"security coordination Ukraine\",\"sport and geopolitics\",\"sports journalism analysis\",\"Ukraine cultural diplomacy\",\"Ukraine documentary research\",\"Ukraine field producer\",\"Ukraine fixer services\",\"Ukraine international image sport\",\"Ukraine local partner\",\"Ukraine production permits\",\"Ukraine war and sport\",\"Ukraine war context expertise\",\"Ukrainian athlete disqualification\",\"Ukrainian heroes tribute\",\"Ukrainian sports losses war\",\"Vladyslav Heraskevych\",\"war documentary support\",\"war impact on athletes\",\"war journalism support\",\"war tours ukraine\",\"Winter Olympics 2026 controversy\",\"winter sports Ukraine\"],\"articleSection\":[\"Visit Ukraine\"],\"inLanguage\":\"tr\"},{\"@type\":\"WebPage\",\"@id\":\"https:\\\/\\\/wartours.in.ua\\\/tr\\\/2026\\\/02\\\/12\\\/when-memory-becomes-political-the-disqualification-of-vladyslav-heraskevych-and-the-limits-of-olympic-neutrality\\\/\",\"url\":\"https:\\\/\\\/wartours.in.ua\\\/tr\\\/2026\\\/02\\\/12\\\/when-memory-becomes-political-the-disqualification-of-vladyslav-heraskevych-and-the-limits-of-olympic-neutrality\\\/\",\"name\":\"When Memory Becomes \u201cPolitical\u201d: The Disqualification of Vladyslav Heraskevych and the Limits of Olympic Neutrality - WarTours Ukraine\",\"isPartOf\":{\"@id\":\"https:\\\/\\\/wartours.in.ua\\\/tr\\\/#website\"},\"primaryImageOfPage\":{\"@id\":\"https:\\\/\\\/wartours.in.ua\\\/tr\\\/2026\\\/02\\\/12\\\/when-memory-becomes-political-the-disqualification-of-vladyslav-heraskevych-and-the-limits-of-olympic-neutrality\\\/#primaryimage\"},\"image\":{\"@id\":\"https:\\\/\\\/wartours.in.ua\\\/tr\\\/2026\\\/02\\\/12\\\/when-memory-becomes-political-the-disqualification-of-vladyslav-heraskevych-and-the-limits-of-olympic-neutrality\\\/#primaryimage\"},\"thumbnailUrl\":\"https:\\\/\\\/wartours.in.ua\\\/wp-content\\\/uploads\\\/2026\\\/02\\\/ChatGPT-Image-Feb-12-2026-04_25_30-PM.png\",\"datePublished\":\"2026-02-12T14:26:05+00:00\",\"dateModified\":\"2026-02-12T14:35:04+00:00\",\"description\":\"When Memory Becomes \u201cPolitical\u201d: The Disqualification of Vladyslav Heraskevych and the Limits of Olympic Neutrality\",\"breadcrumb\":{\"@id\":\"https:\\\/\\\/wartours.in.ua\\\/tr\\\/2026\\\/02\\\/12\\\/when-memory-becomes-political-the-disqualification-of-vladyslav-heraskevych-and-the-limits-of-olympic-neutrality\\\/#breadcrumb\"},\"inLanguage\":\"tr\",\"potentialAction\":[{\"@type\":\"ReadAction\",\"target\":[\"https:\\\/\\\/wartours.in.ua\\\/tr\\\/2026\\\/02\\\/12\\\/when-memory-becomes-political-the-disqualification-of-vladyslav-heraskevych-and-the-limits-of-olympic-neutrality\\\/\"]}]},{\"@type\":\"ImageObject\",\"inLanguage\":\"tr\",\"@id\":\"https:\\\/\\\/wartours.in.ua\\\/tr\\\/2026\\\/02\\\/12\\\/when-memory-becomes-political-the-disqualification-of-vladyslav-heraskevych-and-the-limits-of-olympic-neutrality\\\/#primaryimage\",\"url\":\"https:\\\/\\\/wartours.in.ua\\\/wp-content\\\/uploads\\\/2026\\\/02\\\/ChatGPT-Image-Feb-12-2026-04_25_30-PM.png\",\"contentUrl\":\"https:\\\/\\\/wartours.in.ua\\\/wp-content\\\/uploads\\\/2026\\\/02\\\/ChatGPT-Image-Feb-12-2026-04_25_30-PM.png\",\"width\":1024,\"height\":1536},{\"@type\":\"BreadcrumbList\",\"@id\":\"https:\\\/\\\/wartours.in.ua\\\/tr\\\/2026\\\/02\\\/12\\\/when-memory-becomes-political-the-disqualification-of-vladyslav-heraskevych-and-the-limits-of-olympic-neutrality\\\/#breadcrumb\",\"itemListElement\":[{\"@type\":\"ListItem\",\"position\":1,\"name\":\"\u0413\u043e\u043b\u043e\u0432\u043d\u0430\",\"item\":\"https:\\\/\\\/wartours.in.ua\\\/\"},{\"@type\":\"ListItem\",\"position\":2,\"name\":\"When Memory Becomes \u201cPolitical\u201d: The Disqualification of Vladyslav Heraskevych and the Limits of Olympic Neutrality\"}]},{\"@type\":\"WebSite\",\"@id\":\"https:\\\/\\\/wartours.in.ua\\\/tr\\\/#website\",\"url\":\"https:\\\/\\\/wartours.in.ua\\\/tr\\\/\",\"name\":\"WarTours Ukraine\",\"description\":\"Military tourism. Evidence of russian aggression with your own eyes\",\"publisher\":{\"@id\":\"https:\\\/\\\/wartours.in.ua\\\/tr\\\/#organization\"},\"alternateName\":\"Military Tours in Ukraine\",\"potentialAction\":[{\"@type\":\"SearchAction\",\"target\":{\"@type\":\"EntryPoint\",\"urlTemplate\":\"https:\\\/\\\/wartours.in.ua\\\/tr\\\/?s={search_term_string}\"},\"query-input\":{\"@type\":\"PropertyValueSpecification\",\"valueRequired\":true,\"valueName\":\"search_term_string\"}}],\"inLanguage\":\"tr\"},{\"@type\":\"Organization\",\"@id\":\"https:\\\/\\\/wartours.in.ua\\\/tr\\\/#organization\",\"name\":\"WarTours Ukraine\",\"alternateName\":\"MilitaryTours in Ukraine\",\"url\":\"https:\\\/\\\/wartours.in.ua\\\/tr\\\/\",\"logo\":{\"@type\":\"ImageObject\",\"inLanguage\":\"tr\",\"@id\":\"https:\\\/\\\/wartours.in.ua\\\/tr\\\/#\\\/schema\\\/logo\\\/image\\\/\",\"url\":\"https:\\\/\\\/wartours.in.ua\\\/wp-content\\\/uploads\\\/2023\\\/01\\\/logo-04.png\",\"contentUrl\":\"https:\\\/\\\/wartours.in.ua\\\/wp-content\\\/uploads\\\/2023\\\/01\\\/logo-04.png\",\"width\":418,\"height\":129,\"caption\":\"WarTours Ukraine\"},\"image\":{\"@id\":\"https:\\\/\\\/wartours.in.ua\\\/tr\\\/#\\\/schema\\\/logo\\\/image\\\/\"},\"sameAs\":[\"https:\\\/\\\/www.instagram.com\\\/wartours_in_ua\\\/\",\"https:\\\/\\\/www.linkedin.com\\\/company\\\/113094334\\\/admin\\\/dashboard\\\/\"]},{\"@type\":\"Person\",\"@id\":\"https:\\\/\\\/wartours.in.ua\\\/tr\\\/#\\\/schema\\\/person\\\/2f330aa72b72a56601fcc0d5d28fdbc1\",\"name\":\"uawarTours\",\"image\":{\"@type\":\"ImageObject\",\"inLanguage\":\"tr\",\"@id\":\"https:\\\/\\\/secure.gravatar.com\\\/avatar\\\/8d241296dc1b68e540b084de0201701931c22bde5ce47af723f6de7c8e224db5?s=96&d=mm&r=g\",\"url\":\"https:\\\/\\\/secure.gravatar.com\\\/avatar\\\/8d241296dc1b68e540b084de0201701931c22bde5ce47af723f6de7c8e224db5?s=96&d=mm&r=g\",\"contentUrl\":\"https:\\\/\\\/secure.gravatar.com\\\/avatar\\\/8d241296dc1b68e540b084de0201701931c22bde5ce47af723f6de7c8e224db5?s=96&d=mm&r=g\",\"caption\":\"uawarTours\"},\"sameAs\":[\"https:\\\/\\\/wartours.in.ua\"],\"url\":\"https:\\\/\\\/wartours.in.ua\\\/tr\\\/author\\\/uawartours\\\/\"}]}<\/script>\n<!-- \/ Yoast SEO Premium plugin. -->","yoast_head_json":{"title":"Haf\u0131za &quot;Siyasal&quot; Hale Geldi\u011finde: Vladyslav Heraskevych&#039;in Diskalifiye Edilmesi ve Olimpiyat Tarafs\u0131zl\u0131\u011f\u0131n\u0131n S\u0131n\u0131rlar\u0131 - WarTours Ukraine","description":"Haf\u0131za &quot;Siyasal&quot; Hale Geldi\u011finde: Vladyslav Heraskevych&#039;in Diskalifiye Edilmesi ve Olimpiyat Tarafs\u0131zl\u0131\u011f\u0131n\u0131n S\u0131n\u0131rlar\u0131","robots":{"index":"index","follow":"follow","max-snippet":"max-snippet:-1","max-image-preview":"max-image-preview:large","max-video-preview":"max-video-preview:-1"},"canonical":"https:\/\/wartours.in.ua\/tr\/2026\/02\/12\/hafiza-siyasallastiginda-vladyslav-heraskevyc-039-in-diskalifiye-edilmesi-ve-olimpiyat-tarafsizliginin-sinirlari\/","og_locale":"tr_TR","og_type":"article","og_title":"When Memory Becomes \u201cPolitical\u201d: The Disqualification of Vladyslav Heraskevych and the Limits of Olympic Neutrality","og_description":"When Memory Becomes \u201cPolitical\u201d: The Disqualification of Vladyslav Heraskevych and the Limits of Olympic Neutrality","og_url":"https:\/\/wartours.in.ua\/tr\/2026\/02\/12\/hafiza-siyasallastiginda-vladyslav-heraskevyc-039-in-diskalifiye-edilmesi-ve-olimpiyat-tarafsizliginin-sinirlari\/","og_site_name":"WarTours Ukraine","article_published_time":"2026-02-12T14:26:05+00:00","article_modified_time":"2026-02-12T14:35:04+00:00","og_image":[{"width":683,"height":1024,"url":"https:\/\/wartours.in.ua\/wp-content\/uploads\/2026\/02\/ChatGPT-Image-Feb-12-2026-04_25_30-PM-683x1024.png","type":"image\/png"}],"author":"uawarTours","twitter_card":"summary_large_image","twitter_misc":{"Yazan:":"uawarTours","Tahmini okuma s\u00fcresi":"4 dakika"},"schema":{"@context":"https:\/\/schema.org","@graph":[{"@type":"Article","@id":"https:\/\/wartours.in.ua\/tr\/2026\/02\/12\/when-memory-becomes-political-the-disqualification-of-vladyslav-heraskevych-and-the-limits-of-olympic-neutrality\/#article","isPartOf":{"@id":"https:\/\/wartours.in.ua\/tr\/2026\/02\/12\/when-memory-becomes-political-the-disqualification-of-vladyslav-heraskevych-and-the-limits-of-olympic-neutrality\/"},"author":{"name":"uawarTours","@id":"https:\/\/wartours.in.ua\/tr\/#\/schema\/person\/2f330aa72b72a56601fcc0d5d28fdbc1"},"headline":"When Memory Becomes \u201cPolitical\u201d: The Disqualification of Vladyslav Heraskevych and the Limits of Olympic Neutrality","datePublished":"2026-02-12T14:26:05+00:00","dateModified":"2026-02-12T14:35:04+00:00","mainEntityOfPage":{"@id":"https:\/\/wartours.in.ua\/tr\/2026\/02\/12\/when-memory-becomes-political-the-disqualification-of-vladyslav-heraskevych-and-the-limits-of-olympic-neutrality\/"},"wordCount":847,"publisher":{"@id":"https:\/\/wartours.in.ua\/tr\/#organization"},"image":{"@id":"https:\/\/wartours.in.ua\/tr\/2026\/02\/12\/when-memory-becomes-political-the-disqualification-of-vladyslav-heraskevych-and-the-limits-of-olympic-neutrality\/#primaryimage"},"thumbnailUrl":"https:\/\/wartours.in.ua\/wp-content\/uploads\/2026\/02\/ChatGPT-Image-Feb-12-2026-04_25_30-PM.png","keywords":["athlete activism modern Olympics","athlete freedom of expression","CAS appeal possible","conflict zone coordination","cultural exchange Ukraine","cultural partnerships Ukraine","cultural projects Ukraine","Dmytro Shepyuk solidarity message","documentary production Ukraine","documentary travel Ukraine","filming in Ukraine","frontline reporting Ukraine","global sports ethics discussion","historical storytelling Ukraine","international filmmakers Ukraine","international media collaboration","international reaction Olympics","IOC athlete expression rules","Kharkiv documentary access","Kirsty Coventry IOC meeting","Kyiv filming locations","local guides ukraine","media partnerships Ukraine","media production logistics Ukraine","Memory Helmet Ukraine","Milan Cortina 2026 debate","military tourism collaboration","National Olympic Committee of Ukraine statement","neutrality versus memory","Olympic governance controversy","Olympic institutional credibility","Olympic moral dilemma","Olympic neutrality principle","political expression ban Olympics","post-war reconstruction stories","production support Eastern Europe","remembrance in sport","Rule 50 Olympic Charter debate","security coordination Ukraine","sport and geopolitics","sports journalism analysis","Ukraine cultural diplomacy","Ukraine documentary research","Ukraine field producer","Ukraine fixer services","Ukraine international image sport","Ukraine local partner","Ukraine production permits","Ukraine war and sport","Ukraine war context expertise","Ukrainian athlete disqualification","Ukrainian heroes tribute","Ukrainian sports losses war","Vladyslav Heraskevych","war documentary support","war impact on athletes","war journalism support","war tours ukraine","Winter Olympics 2026 controversy","winter sports Ukraine"],"articleSection":["Visit Ukraine"],"inLanguage":"tr"},{"@type":"WebPage","@id":"https:\/\/wartours.in.ua\/tr\/2026\/02\/12\/when-memory-becomes-political-the-disqualification-of-vladyslav-heraskevych-and-the-limits-of-olympic-neutrality\/","url":"https:\/\/wartours.in.ua\/tr\/2026\/02\/12\/when-memory-becomes-political-the-disqualification-of-vladyslav-heraskevych-and-the-limits-of-olympic-neutrality\/","name":"Haf\u0131za &quot;Siyasal&quot; Hale Geldi\u011finde: Vladyslav Heraskevych&#039;in Diskalifiye Edilmesi ve Olimpiyat Tarafs\u0131zl\u0131\u011f\u0131n\u0131n S\u0131n\u0131rlar\u0131 - WarTours Ukraine","isPartOf":{"@id":"https:\/\/wartours.in.ua\/tr\/#website"},"primaryImageOfPage":{"@id":"https:\/\/wartours.in.ua\/tr\/2026\/02\/12\/when-memory-becomes-political-the-disqualification-of-vladyslav-heraskevych-and-the-limits-of-olympic-neutrality\/#primaryimage"},"image":{"@id":"https:\/\/wartours.in.ua\/tr\/2026\/02\/12\/when-memory-becomes-political-the-disqualification-of-vladyslav-heraskevych-and-the-limits-of-olympic-neutrality\/#primaryimage"},"thumbnailUrl":"https:\/\/wartours.in.ua\/wp-content\/uploads\/2026\/02\/ChatGPT-Image-Feb-12-2026-04_25_30-PM.png","datePublished":"2026-02-12T14:26:05+00:00","dateModified":"2026-02-12T14:35:04+00:00","description":"Haf\u0131za &quot;Siyasal&quot; Hale Geldi\u011finde: Vladyslav Heraskevych&#039;in Diskalifiye Edilmesi ve Olimpiyat Tarafs\u0131zl\u0131\u011f\u0131n\u0131n S\u0131n\u0131rlar\u0131","breadcrumb":{"@id":"https:\/\/wartours.in.ua\/tr\/2026\/02\/12\/when-memory-becomes-political-the-disqualification-of-vladyslav-heraskevych-and-the-limits-of-olympic-neutrality\/#breadcrumb"},"inLanguage":"tr","potentialAction":[{"@type":"ReadAction","target":["https:\/\/wartours.in.ua\/tr\/2026\/02\/12\/when-memory-becomes-political-the-disqualification-of-vladyslav-heraskevych-and-the-limits-of-olympic-neutrality\/"]}]},{"@type":"ImageObject","inLanguage":"tr","@id":"https:\/\/wartours.in.ua\/tr\/2026\/02\/12\/when-memory-becomes-political-the-disqualification-of-vladyslav-heraskevych-and-the-limits-of-olympic-neutrality\/#primaryimage","url":"https:\/\/wartours.in.ua\/wp-content\/uploads\/2026\/02\/ChatGPT-Image-Feb-12-2026-04_25_30-PM.png","contentUrl":"https:\/\/wartours.in.ua\/wp-content\/uploads\/2026\/02\/ChatGPT-Image-Feb-12-2026-04_25_30-PM.png","width":1024,"height":1536},{"@type":"BreadcrumbList","@id":"https:\/\/wartours.in.ua\/tr\/2026\/02\/12\/when-memory-becomes-political-the-disqualification-of-vladyslav-heraskevych-and-the-limits-of-olympic-neutrality\/#breadcrumb","itemListElement":[{"@type":"ListItem","position":1,"name":"\u0413\u043e\u043b\u043e\u0432\u043d\u0430","item":"https:\/\/wartours.in.ua\/"},{"@type":"ListItem","position":2,"name":"When Memory Becomes \u201cPolitical\u201d: The Disqualification of Vladyslav Heraskevych and the Limits of Olympic Neutrality"}]},{"@type":"WebSite","@id":"https:\/\/wartours.in.ua\/tr\/#website","url":"https:\/\/wartours.in.ua\/tr\/","name":"Sava\u015f Turlar\u0131 Ukrayna","description":"Askeri turizm. Kendi g\u00f6zlerinizle Rus sald\u0131rganl\u0131\u011f\u0131n\u0131n kan\u0131t\u0131","publisher":{"@id":"https:\/\/wartours.in.ua\/tr\/#organization"},"alternateName":"Military Tours in Ukraine","potentialAction":[{"@type":"SearchAction","target":{"@type":"EntryPoint","urlTemplate":"https:\/\/wartours.in.ua\/tr\/?s={search_term_string}"},"query-input":{"@type":"PropertyValueSpecification","valueRequired":true,"valueName":"search_term_string"}}],"inLanguage":"tr"},{"@type":"Organization","@id":"https:\/\/wartours.in.ua\/tr\/#organization","name":"Sava\u015f Turlar\u0131 Ukrayna","alternateName":"MilitaryTours in Ukraine","url":"https:\/\/wartours.in.ua\/tr\/","logo":{"@type":"ImageObject","inLanguage":"tr","@id":"https:\/\/wartours.in.ua\/tr\/#\/schema\/logo\/image\/","url":"https:\/\/wartours.in.ua\/wp-content\/uploads\/2023\/01\/logo-04.png","contentUrl":"https:\/\/wartours.in.ua\/wp-content\/uploads\/2023\/01\/logo-04.png","width":418,"height":129,"caption":"WarTours Ukraine"},"image":{"@id":"https:\/\/wartours.in.ua\/tr\/#\/schema\/logo\/image\/"},"sameAs":["https:\/\/www.instagram.com\/wartours_in_ua\/","https:\/\/www.linkedin.com\/company\/113094334\/admin\/dashboard\/"]},{"@type":"Person","@id":"https:\/\/wartours.in.ua\/tr\/#\/schema\/person\/2f330aa72b72a56601fcc0d5d28fdbc1","name":"uawarTurlar","image":{"@type":"ImageObject","inLanguage":"tr","@id":"https:\/\/secure.gravatar.com\/avatar\/8d241296dc1b68e540b084de0201701931c22bde5ce47af723f6de7c8e224db5?s=96&d=mm&r=g","url":"https:\/\/secure.gravatar.com\/avatar\/8d241296dc1b68e540b084de0201701931c22bde5ce47af723f6de7c8e224db5?s=96&d=mm&r=g","contentUrl":"https:\/\/secure.gravatar.com\/avatar\/8d241296dc1b68e540b084de0201701931c22bde5ce47af723f6de7c8e224db5?s=96&d=mm&r=g","caption":"uawarTours"},"sameAs":["https:\/\/wartours.in.ua"],"url":"https:\/\/wartours.in.ua\/tr\/author\/uawartours\/"}]}},"_links":{"self":[{"href":"https:\/\/wartours.in.ua\/tr\/wp-json\/wp\/v2\/posts\/2543","targetHints":{"allow":["GET"]}}],"collection":[{"href":"https:\/\/wartours.in.ua\/tr\/wp-json\/wp\/v2\/posts"}],"about":[{"href":"https:\/\/wartours.in.ua\/tr\/wp-json\/wp\/v2\/types\/post"}],"author":[{"embeddable":true,"href":"https:\/\/wartours.in.ua\/tr\/wp-json\/wp\/v2\/users\/1"}],"replies":[{"embeddable":true,"href":"https:\/\/wartours.in.ua\/tr\/wp-json\/wp\/v2\/comments?post=2543"}],"version-history":[{"count":0,"href":"https:\/\/wartours.in.ua\/tr\/wp-json\/wp\/v2\/posts\/2543\/revisions"}],"wp:featuredmedia":[{"embeddable":true,"href":"https:\/\/wartours.in.ua\/tr\/wp-json\/wp\/v2\/media\/2544"}],"wp:attachment":[{"href":"https:\/\/wartours.in.ua\/tr\/wp-json\/wp\/v2\/media?parent=2543"}],"wp:term":[{"taxonomy":"category","embeddable":true,"href":"https:\/\/wartours.in.ua\/tr\/wp-json\/wp\/v2\/categories?post=2543"},{"taxonomy":"post_tag","embeddable":true,"href":"https:\/\/wartours.in.ua\/tr\/wp-json\/wp\/v2\/tags?post=2543"}],"curies":[{"name":"wp","href":"https:\/\/api.w.org\/{rel}","templated":true}]}}